{"id":26881,"date":"2016-05-12T19:51:07","date_gmt":"2016-05-13T00:51:07","guid":{"rendered":"http:\/\/contraluzcucuta.co\/?p=26881"},"modified":"2016-05-12T19:51:07","modified_gmt":"2016-05-13T00:51:07","slug":"procuraduria-regional-cientos-de-taxistas-son-explotados-en-cucuta","status":"publish","type":"post","link":"https:\/\/contraluzcucuta.co\/?p=26881","title":{"rendered":"PROCURADUR\u00cdA REGIONAL. Cientos de taxistas son explotados en C\u00facuta"},"content":{"rendered":"<p><strong>C\u00daCUTA.-<\/strong> Los Secretarios de Transito de los municipios del \u00c1rea Metropolitana comparecer\u00e1n ante la Procuradur\u00eda Regional Norte de Santander, el 16 de mayo a las 8:00 de la ma\u00f1ana. En la reuni\u00f3n se analizar\u00e1 el registro, en el 2015, de 2173 taxis sin justificaci\u00f3n.<\/p>\n<p>Los funcionarios acudir\u00e1n a la cita, \u201cde manera obligatoria, con todos los soportes que sustenten el otorgamiento de los cupos para los veh\u00edculos de servicio p\u00fablico, expedidos en los \u00faltimos a\u00f1os.<\/p>\n<p>El despacho judicial inici\u00f3 la investigaci\u00f3n con la intenci\u00f3n de encontrar si hubo o no irregularidades en la autorizaci\u00f3n de los cupos \u00a0conforme a lo reportado por la direcci\u00f3n del \u00c1rea Metropolitana de C\u00facuta.<\/p>\n<p>La investigaci\u00f3n concentra la mayor atenci\u00f3n en Villa del Rosario. En el municipio hist\u00f3rico, aparentemente, la administraci\u00f3n de Carlos Julio Socha expidi\u00f3 1211 resoluciones. El municipio otorg\u00f3 m\u00e1s cupos que C\u00facuta, Los Patios, Zulia, San Cayetano y Puerto Santander.<\/p>\n<p>La Procuradur\u00eda consider\u00f3 que a la par de las posibles responsabilidades disciplinarias que puede acarrear la expedici\u00f3n de actos administrativos sin el lleno de los requisitos legales exigidos por el ordenamiento jur\u00eddico nacional; la situaci\u00f3n puede catalogarse como un problema socio-laboral insostenible.<\/p>\n<p>La decisi\u00f3n asumida por el exalcalde Socha requiere de acciones contundentes que la eliminen. \u201cNo resulta un secreto que la gran mayor\u00eda de veh\u00edculos amarillos que presta el servicio, es propiedad de pocas personas\u201d, se\u00f1al\u00f3 el procurador regional Juan Carlos Bautista.<\/p>\n<p>El titular del despacho anot\u00f3 que los due\u00f1os de los autom\u00f3viles explotan laboralmente a los conductores, que ejecutan la labor en alto porcentaje sin seguridad social.<\/p>\n<p>\u201cLa situaci\u00f3n de la gran mayor\u00eda de los conductores de taxis en el \u00c1rea Metropolitana es tal vez un reflejo evidente de esclavitud laboral en pleno siglo XXI\u201d, \u00a0indic\u00f3 Bautista.<\/p>\n<p>Las condiciones de explotaci\u00f3n en las que prestan el servicio y la remuneraci\u00f3n que perciben no cumplen con los est\u00e1ndares m\u00ednimos exigidos por el orden jur\u00eddico nacional. \u201cSituaci\u00f3n que nos lleva a tomar partido en el asunto, pues la entrada de m\u00e1s taxis a las calles, es el ingreso de m\u00e1s personas a un paup\u00e9rrimo mercado laboral\u201d.<\/p>\n<p><strong>Foto: TAXI MAGAZ\u00cdN<\/strong><\/p>\n<p>&nbsp;<\/p>\n<p>&nbsp; <\/p>\n","protected":false},"excerpt":{"rendered":"<p>C\u00daCUTA.- Los Secretarios de Transito de los municipios del \u00c1rea Metropolitana comparecer\u00e1n ante la Procuradur\u00eda Regional Norte de Santander, el 16 de mayo a las 8:00 de la ma\u00f1ana. En la reuni\u00f3n se analizar\u00e1 el registro, en el 2015, de 2173 taxis sin justificaci\u00f3n. Los funcionarios acudir\u00e1n a la cita, \u201cde manera obligatoria, con todos &hellip;<\/p>\n","protected":false},"author":1,"featured_media":26882,"comment_status":"open","ping_status":"open","sticky":false,"template":"","format":"standard","meta":{"footnotes":""},"categories":[4,6],"tags":[2722,2721,881],"class_list":["post-26881","post","type-post","status-publish","format-standard","has-post-thumbnail","hentry","category-barra","category-ojo-avizor","tag-juan-carlos-bautista","tag-procuraduria-regional","tag-taxis-en-cucuta"],"_links":{"self":[{"href":"https:\/\/contraluzcucuta.co\/index.php?rest_route=\/wp\/v2\/posts\/26881","targetHints":{"allow":["GET"]}}],"collection":[{"href":"https:\/\/contraluzcucuta.co\/index.php?rest_route=\/wp\/v2\/posts"}],"about":[{"href":"https:\/\/contraluzcucuta.co\/index.php?rest_route=\/wp\/v2\/types\/post"}],"author":[{"embeddable":true,"href":"https:\/\/contraluzcucuta.co\/index.php?rest_route=\/wp\/v2\/users\/1"}],"replies":[{"embeddable":true,"href":"https:\/\/contraluzcucuta.co\/index.php?rest_route=%2Fwp%2Fv2%2Fcomments&post=26881"}],"version-history":[{"count":1,"href":"https:\/\/contraluzcucuta.co\/index.php?rest_route=\/wp\/v2\/posts\/26881\/revisions"}],"predecessor-version":[{"id":26883,"href":"https:\/\/contraluzcucuta.co\/index.php?rest_route=\/wp\/v2\/posts\/26881\/revisions\/26883"}],"wp:featuredmedia":[{"embeddable":true,"href":"https:\/\/contraluzcucuta.co\/index.php?rest_route=\/wp\/v2\/media\/26882"}],"wp:attachment":[{"href":"https:\/\/contraluzcucuta.co\/index.php?rest_route=%2Fwp%2Fv2%2Fmedia&parent=26881"}],"wp:term":[{"taxonomy":"category","embeddable":true,"href":"https:\/\/contraluzcucuta.co\/index.php?rest_route=%2Fwp%2Fv2%2Fcategories&post=26881"},{"taxonomy":"post_tag","embeddable":true,"href":"https:\/\/contraluzcucuta.co\/index.php?rest_route=%2Fwp%2Fv2%2Ftags&post=26881"}],"curies":[{"name":"wp","href":"https:\/\/api.w.org\/{rel}","templated":true}]}}