{"id":26859,"date":"2016-05-10T16:58:19","date_gmt":"2016-05-10T21:58:19","guid":{"rendered":"http:\/\/contraluzcucuta.co\/?p=26859"},"modified":"2016-05-10T16:58:19","modified_gmt":"2016-05-10T21:58:19","slug":"notas-al-margen-regiones-fronterizas-y-la-construccion-del-futuro","status":"publish","type":"post","link":"https:\/\/contraluzcucuta.co\/?p=26859","title":{"rendered":"NOTAS AL MARGEN. Regiones fronterizas y la construcci\u00f3n del futuro"},"content":{"rendered":"<p>1.- La administraci\u00f3n y el manejo de la regi\u00f3n fronteriza colombo-venezolana, en toda su extensi\u00f3n &#8211;\u00a0\u00a0pero particularmente en la referencia que alude a Guajira, Norte de Santander y Arauca, por el lado de Colombia y\u00a0\u00a0Zulia, T\u00e1chira y Apure, por el sector de Venezuela &#8211; constituyen factores de significativa motivaci\u00f3n e importancia, porque as\u00ed como hay trascendentes elementos de juicio que conducen a lo mucho que se puede hacer en estas \u00e1reas de contacto para impulsar el desarrollo y los desenvolvimientos que son indispensables para encarar un futuro m\u00e1s estable y productivo, tambi\u00e9n es claro, incontrastable y de significativa valoraci\u00f3n y cuidado, \u00a0todo lo que hace referencia a la seguridad social, econ\u00f3mica, pol\u00edtica, funcional y operativa ante la existencia y\u00a0\u00a0constante presencia de personas y\u00a0\u00a0grupos armados distintos a los oficiales que deben velar por la defensa de la vida, la seguridad ciudadana y el control aduanero.<\/p>\n<p>Es necesario e indispensable destacar lo anterior, porque si en verdad lo que se quiere es \u201c una frontera nueva y en paz\u201d, como lo anuncia Venezuela, y \u201cuna vivencia arm\u00f3nica\u201d, como lo pregona Colombia, los acercamientos, entendimientos y establecimiento de planes y programas transformadores y de proyecci\u00f3n amplia y conjunta, tienen que surgir de aut\u00e9nticos y verdaderos actos y conductas integracionistas que superen las lentas parsimoniosas y\u00a0exageradamente centralistas pol\u00edticas de Estado, que no han incluido en las consideraciones principales y en las conclusiones, que existen pobladores en las fajas territoriales m\u00e1s inmediatas a los l\u00edmites, que requieren mejor trato, as\u00ed como constancias y acuerdos que permitan incentivar intercomunicaciones y servicios, investigaciones y capacitaciones serias y profundas, para que pueda surgir la generaci\u00f3n de fuentes de empleo y una visi\u00f3n evolutiva y productiva, distinta a la facilista y poco evolutiva que genera el contrabando en todas las referencias y\u00a0\u00a0la de aprovechar las ventajas comparativas, que definen y\u00a0\u00a0determinan la ubicaci\u00f3n geoestrat\u00e9gica y la proyecci\u00f3n hacia mercados internacionales, utilizando y canalizando mejor nuestros productos y posibilidades, en muchas campos, opciones y perspectivas.<\/p>\n<p>2.- Seguir pensando en restrictivas prohibiciones que no dan impulso a la evoluci\u00f3n y sana competencia e impidiendo el tr\u00e1nsito y\u00a0\u00a0mejor utilizaci\u00f3n de recursos y disponibilidades productivas, que nos pueden conducir hacia un mejor y mayor desenvolvimiento zonal, constituir\u00eda no solo un gigante error, sino una flagrante contradicci\u00f3n. Y, m\u00e1s, si partimos y enfocamos la etapa desde\u00a0\u00a0la Independencia o creyendo que Bol\u00edvar y\u00a0\u00a0Santander fueron enemigos, cuando el propio Libertador reiter\u00f3 que\u00a0\u00a0\u201cEl no habernos compuesto con Santander, nos perjudic\u00f3 a todos\u201d. Y que la misi\u00f3n o la tarea por cumplir, se fortalecer\u00eda con la uni\u00f3n.<\/p>\n<p>3.- S\u00ed, el momento de ahora y lo que conduce hacia el futuro \u00a0exige una postura comprensiva del mundo que vivimos y de sus requerimientos y exigencias. Pensar que entre la avalancha de hechos en Europa, Asia, \u00c1frica y los referidos a nuestro Continente \u00bfPodremos subsistir, cerrando las fronteras y debilitando la capacidad cr\u00edtica y evolutiva hacia una competitividad generacional y binacional que conlleve una m\u00e1s armoniosa b\u00fasqueda en el desarrollo productivo y el mejoramiento colectivo?\u00a0\u00a0\u00a1Claro que no!\u00a0\u00a0Por eso, hay que propender, no solo por una convivencia fraterna, pac\u00edfica y progresista, sino por un permanente y transformador\u00a0\u00a0di\u00e1logo constructivo, que d\u00e9 origen a modernas descentralizaciones y a la presencia y participaci\u00f3n de la gente de frontera en los cargos y las posiciones\u00a0\u00a0de codirecci\u00f3n y control, porque son las m\u00e1s interesadas en cambiar y progresar, superando gestiones e instancias que fraternalmente permitan la transformaci\u00f3n y evoluci\u00f3n hacia un Nuevo Mundo.<\/p>\n<p><strong>JOS\u00c9 NEIRA REY<\/strong><\/p>\n<p><a href=\"mailto:jneirarey@hotmail.com\">jneirarey@hotmail.com<\/a><\/p>\n<p><strong>Foto: \u00a0bleplus.com<\/strong><\/p>\n<p><strong>\u00a0<\/strong><\/p>\n<p>&nbsp; <\/p>\n","protected":false},"excerpt":{"rendered":"<p>1.- La administraci\u00f3n y el manejo de la regi\u00f3n fronteriza colombo-venezolana, en toda su extensi\u00f3n &#8211;\u00a0\u00a0pero particularmente en la referencia que alude a Guajira, Norte de Santander y Arauca, por el lado de Colombia y\u00a0\u00a0Zulia, T\u00e1chira y Apure, por el sector de Venezuela &#8211; constituyen factores de significativa motivaci\u00f3n e importancia, porque as\u00ed como hay &hellip;<\/p>\n","protected":false},"author":1,"featured_media":26860,"comment_status":"open","ping_status":"open","sticky":false,"template":"","format":"standard","meta":{"footnotes":""},"categories":[14,4],"tags":[2483,382,956,893],"class_list":["post-26859","post","type-post","status-publish","format-standard","has-post-thumbnail","hentry","category-articulistas","category-barra","tag-crisis-en-la-frontera","tag-jose-neira","tag-notas-al-margen","tag-puentes-internacionales"],"_links":{"self":[{"href":"https:\/\/contraluzcucuta.co\/index.php?rest_route=\/wp\/v2\/posts\/26859","targetHints":{"allow":["GET"]}}],"collection":[{"href":"https:\/\/contraluzcucuta.co\/index.php?rest_route=\/wp\/v2\/posts"}],"about":[{"href":"https:\/\/contraluzcucuta.co\/index.php?rest_route=\/wp\/v2\/types\/post"}],"author":[{"embeddable":true,"href":"https:\/\/contraluzcucuta.co\/index.php?rest_route=\/wp\/v2\/users\/1"}],"replies":[{"embeddable":true,"href":"https:\/\/contraluzcucuta.co\/index.php?rest_route=%2Fwp%2Fv2%2Fcomments&post=26859"}],"version-history":[{"count":1,"href":"https:\/\/contraluzcucuta.co\/index.php?rest_route=\/wp\/v2\/posts\/26859\/revisions"}],"predecessor-version":[{"id":26861,"href":"https:\/\/contraluzcucuta.co\/index.php?rest_route=\/wp\/v2\/posts\/26859\/revisions\/26861"}],"wp:featuredmedia":[{"embeddable":true,"href":"https:\/\/contraluzcucuta.co\/index.php?rest_route=\/wp\/v2\/media\/26860"}],"wp:attachment":[{"href":"https:\/\/contraluzcucuta.co\/index.php?rest_route=%2Fwp%2Fv2%2Fmedia&parent=26859"}],"wp:term":[{"taxonomy":"category","embeddable":true,"href":"https:\/\/contraluzcucuta.co\/index.php?rest_route=%2Fwp%2Fv2%2Fcategories&post=26859"},{"taxonomy":"post_tag","embeddable":true,"href":"https:\/\/contraluzcucuta.co\/index.php?rest_route=%2Fwp%2Fv2%2Ftags&post=26859"}],"curies":[{"name":"wp","href":"https:\/\/api.w.org\/{rel}","templated":true}]}}