{"id":26855,"date":"2016-05-10T16:28:25","date_gmt":"2016-05-10T21:28:25","guid":{"rendered":"http:\/\/contraluzcucuta.co\/?p=26855"},"modified":"2016-05-10T16:28:25","modified_gmt":"2016-05-10T21:28:25","slug":"cumbre-catolica-obispos-de-cucuta-y-san-cristobal-piden-abrir-la-frontera","status":"publish","type":"post","link":"https:\/\/contraluzcucuta.co\/?p=26855","title":{"rendered":"CUMBRE CAT\u00d3LICA. Obispos de C\u00facuta y San Crist\u00f3bal piden abrir la frontera"},"content":{"rendered":"<p><strong>SAN CRIST\u00d3BAL \u2013 Venezuela<\/strong>.- Reabrir el paso fronterizo entre Norte de Santander (Colombia) y el estado T\u00e1chira (Venezuela) \u201cresultar\u00eda altamente positivo para los dos pa\u00edses hermanos, para el pueblo y las comunidades de la zona\u201d. As\u00ed se lo hicieron saber los obispos de San Crist\u00f3bal y C\u00facuta al gobernador tachirense Jos\u00e9 Gregorio Vielma Mora. La reuni\u00f3n se llev\u00f3 a cabo a comienzos de semana, en la Casa Episcopal.<\/p>\n<p>Monse\u00f1or V\u00edctor Manuel Ochoa y monse\u00f1or Mario del Valle Moronta reafirmaron los v\u00ednculos de fraterna comuni\u00f3n entre las iglesias locales y revisaron la situaci\u00f3n de la frontera, cerrada hace m\u00e1s de ocho meses.<\/p>\n<p>Los prelados se ofrecieron para apoyar las gestiones que deben emprender las autoridades civiles de los dos pa\u00edses para permitir la normalizaci\u00f3n del tr\u00e1nsito vehicular y peatonal. En agosto, se cerr\u00f3 la movilizaci\u00f3n por los puentes internacionales Sim\u00f3n Bol\u00edvar, que une a Villa del Rosario con San Antonio; Francisco de Paula Santander que lleva a Ure\u00f1a, y La Uni\u00f3n, entre Puerto Santander y Boca de Grita.<\/p>\n<p>Los obispos Ochoa y Moronta manifestaron al gobernador Vielma la urgencia de reabrir la frontera, para permitir a los habitantes de lado y lado del r\u00edo T\u00e1chira normalizar las actividades econ\u00f3micas, comerciales y familiares.<\/p>\n<p>El presidente Nicol\u00e1s Maduro orden\u00f3 el cierre de los pasos elevados para detener la presencia paramilitar en el estado vecino. La orden incluy\u00f3 el derrumbamiento de casas de colombianos y la expulsi\u00f3n de millares de familias asentadas en el T\u00e1chira. A pesar de las cr\u00edticas nacionales e internacionales se mantienen las barricadas en los puentes.<\/p>\n<p>Los obispos calificaron como oportuna la reuni\u00f3n con el Gobernador y anunciaron un pr\u00f3ximo encuentro en C\u00facuta. Se espera que en la nueva cita participen los jerarcas cat\u00f3licos, los directores de las C\u00e1ritas de ambas Di\u00f3cesis y los Vicarios de Pastoral.<\/p>\n<p>Los pastores reafirmaron los v\u00ednculos de fraterna comuni\u00f3n entre las iglesias y le pidieron a Vielma Mora dar pasos ciertos para abrir la frontera. \u201cSer\u00eda beneficioso para el pueblo y las comunidades de la zona fronteriza\u201d, sostuvieron a la salida d ela Casa Episcopal.<\/p>\n<p>La siguiente reuni\u00f3n tendr\u00eda como sede a C\u00facuta<\/p>\n<p><strong>Foto: PRENSA DI\u00d3CESIS DE SAN CRIST\u00d3BAL.<\/strong><\/p>\n<p>&nbsp;<\/p>\n<p>&nbsp;<\/p>\n<p>&nbsp; <\/p>\n","protected":false},"excerpt":{"rendered":"<p>SAN CRIST\u00d3BAL \u2013 Venezuela.- Reabrir el paso fronterizo entre Norte de Santander (Colombia) y el estado T\u00e1chira (Venezuela) \u201cresultar\u00eda altamente positivo para los dos pa\u00edses hermanos, para el pueblo y las comunidades de la zona\u201d. As\u00ed se lo hicieron saber los obispos de San Crist\u00f3bal y C\u00facuta al gobernador tachirense Jos\u00e9 Gregorio Vielma Mora. La &hellip;<\/p>\n","protected":false},"author":1,"featured_media":26857,"comment_status":"open","ping_status":"open","sticky":false,"template":"","format":"standard","meta":{"footnotes":""},"categories":[1326,4,2780],"tags":[8,1584,2941,2490],"class_list":["post-26855","post","type-post","status-publish","format-standard","has-post-thumbnail","hentry","category-crisis-en-venezuela-2","category-barra","category-frontera","tag-diocesis-de-cucuta","tag-diocesis-de-san-cristobal","tag-monsenor-mario-mortonta","tag-monsenor-victor-manuel-ochoa"],"_links":{"self":[{"href":"https:\/\/contraluzcucuta.co\/index.php?rest_route=\/wp\/v2\/posts\/26855","targetHints":{"allow":["GET"]}}],"collection":[{"href":"https:\/\/contraluzcucuta.co\/index.php?rest_route=\/wp\/v2\/posts"}],"about":[{"href":"https:\/\/contraluzcucuta.co\/index.php?rest_route=\/wp\/v2\/types\/post"}],"author":[{"embeddable":true,"href":"https:\/\/contraluzcucuta.co\/index.php?rest_route=\/wp\/v2\/users\/1"}],"replies":[{"embeddable":true,"href":"https:\/\/contraluzcucuta.co\/index.php?rest_route=%2Fwp%2Fv2%2Fcomments&post=26855"}],"version-history":[{"count":1,"href":"https:\/\/contraluzcucuta.co\/index.php?rest_route=\/wp\/v2\/posts\/26855\/revisions"}],"predecessor-version":[{"id":26858,"href":"https:\/\/contraluzcucuta.co\/index.php?rest_route=\/wp\/v2\/posts\/26855\/revisions\/26858"}],"wp:featuredmedia":[{"embeddable":true,"href":"https:\/\/contraluzcucuta.co\/index.php?rest_route=\/wp\/v2\/media\/26857"}],"wp:attachment":[{"href":"https:\/\/contraluzcucuta.co\/index.php?rest_route=%2Fwp%2Fv2%2Fmedia&parent=26855"}],"wp:term":[{"taxonomy":"category","embeddable":true,"href":"https:\/\/contraluzcucuta.co\/index.php?rest_route=%2Fwp%2Fv2%2Fcategories&post=26855"},{"taxonomy":"post_tag","embeddable":true,"href":"https:\/\/contraluzcucuta.co\/index.php?rest_route=%2Fwp%2Fv2%2Ftags&post=26855"}],"curies":[{"name":"wp","href":"https:\/\/api.w.org\/{rel}","templated":true}]}}