{"id":26851,"date":"2016-05-05T22:36:17","date_gmt":"2016-05-06T03:36:17","guid":{"rendered":"http:\/\/contraluzcucuta.co\/?p=26851"},"modified":"2016-05-05T22:36:17","modified_gmt":"2016-05-06T03:36:17","slug":"velada-cultural-estrellas-de-la-voz-kids-en-cucuta","status":"publish","type":"post","link":"https:\/\/contraluzcucuta.co\/?p=26851","title":{"rendered":"VELADA CULTURAL. Estrellas de \u2018La voz kids\u2019, en C\u00facuta  \u00a0"},"content":{"rendered":"<p><strong>C\u00daCUTA.-<\/strong> Aguas Kpital C\u00facuta, en su intenci\u00f3n de fortalecer el v\u00ednculo existente entre la comunidad y la empresa de acueducto y alcantarillado, organiza el viernes de cada semana la Velada Cultural. Un espacio que apoya el cuantioso talento local y regional, y que les permite a los habitantes de la perla del norte iniciar de manera diferente el fin de semana.<\/p>\n<p>En esta ocasi\u00f3n, el turno para deleitar a los asistentes, es para los talentosos j\u00f3venes\u00a0<em>Karen, Cristian y Laura,<\/em>\u00a0quienes interpretar\u00e1n boleros y m\u00fasica bailable de todo tipo, como demostraci\u00f3n de los estudios de t\u00e9cnica vocal efectuados desde peque\u00f1os.<\/p>\n<p>Las presentaciones en concursos de canto en la ciudad y en otros eventos para obras sociales han sido innumerables. Uno de los logros significativos es el cupo obtenido, en el 2015 para participar en el programa de Caracol televisi\u00f3n \u2018La Voz Kids\u2019, convirti\u00e9ndose en la oportunidad perfecta para hacer brillar el talento y representar a la regi\u00f3n.<\/p>\n<p>La cita es este 6 de mayo, junto al CAI de El Malec\u00f3n, a partir de las 7:00 de la noche. La entrada es gratis.<\/p>\n<p><strong>Foto: PRENSA AGUAS KPITAL<\/strong><\/p>\n<p>&nbsp;<\/p>\n<p>&nbsp; <\/p>\n","protected":false},"excerpt":{"rendered":"<p>C\u00daCUTA.- Aguas Kpital C\u00facuta, en su intenci\u00f3n de fortalecer el v\u00ednculo existente entre la comunidad y la empresa de acueducto y alcantarillado, organiza el viernes de cada semana la Velada Cultural. Un espacio que apoya el cuantioso talento local y regional, y que les permite a los habitantes de la perla del norte iniciar de &hellip;<\/p>\n","protected":false},"author":1,"featured_media":26852,"comment_status":"open","ping_status":"open","sticky":false,"template":"","format":"standard","meta":{"footnotes":""},"categories":[45],"tags":[1270],"class_list":["post-26851","post","type-post","status-publish","format-standard","has-post-thumbnail","hentry","category-destacado","tag-aguas-kpital-cucuta"],"_links":{"self":[{"href":"https:\/\/contraluzcucuta.co\/index.php?rest_route=\/wp\/v2\/posts\/26851","targetHints":{"allow":["GET"]}}],"collection":[{"href":"https:\/\/contraluzcucuta.co\/index.php?rest_route=\/wp\/v2\/posts"}],"about":[{"href":"https:\/\/contraluzcucuta.co\/index.php?rest_route=\/wp\/v2\/types\/post"}],"author":[{"embeddable":true,"href":"https:\/\/contraluzcucuta.co\/index.php?rest_route=\/wp\/v2\/users\/1"}],"replies":[{"embeddable":true,"href":"https:\/\/contraluzcucuta.co\/index.php?rest_route=%2Fwp%2Fv2%2Fcomments&post=26851"}],"version-history":[{"count":1,"href":"https:\/\/contraluzcucuta.co\/index.php?rest_route=\/wp\/v2\/posts\/26851\/revisions"}],"predecessor-version":[{"id":26853,"href":"https:\/\/contraluzcucuta.co\/index.php?rest_route=\/wp\/v2\/posts\/26851\/revisions\/26853"}],"wp:featuredmedia":[{"embeddable":true,"href":"https:\/\/contraluzcucuta.co\/index.php?rest_route=\/wp\/v2\/media\/26852"}],"wp:attachment":[{"href":"https:\/\/contraluzcucuta.co\/index.php?rest_route=%2Fwp%2Fv2%2Fmedia&parent=26851"}],"wp:term":[{"taxonomy":"category","embeddable":true,"href":"https:\/\/contraluzcucuta.co\/index.php?rest_route=%2Fwp%2Fv2%2Fcategories&post=26851"},{"taxonomy":"post_tag","embeddable":true,"href":"https:\/\/contraluzcucuta.co\/index.php?rest_route=%2Fwp%2Fv2%2Ftags&post=26851"}],"curies":[{"name":"wp","href":"https:\/\/api.w.org\/{rel}","templated":true}]}}