{"id":26830,"date":"2016-05-05T17:59:24","date_gmt":"2016-05-05T22:59:24","guid":{"rendered":"http:\/\/contraluzcucuta.co\/?p=26830"},"modified":"2016-05-05T17:59:24","modified_gmt":"2016-05-05T22:59:24","slug":"secretaria-de-transito-mantenimiento-101-intersecciones-de-semaforos","status":"publish","type":"post","link":"https:\/\/contraluzcucuta.co\/?p=26830","title":{"rendered":"SECRETAR\u00cdA DE TR\u00c1NSITO. Mantenimiento a 101 intersecciones de sem\u00e1foros"},"content":{"rendered":"<p><strong>C\u00daCUTA.-<\/strong> El 98 por ciento de las intersecciones viales de C\u00facuta entraron en proceso de mantenimiento correctivo y preventivo al darse inicio al contrato correspondiente a esta labor. El objetivo es\u00a0 disminuir el caos vehicular, evitar los accidentes de tr\u00e1nsito y mejorar la movilidad en la capital nortesantandereana.<\/p>\n<p>Las se\u00f1ales preventivas en el barrio El Salado y el colegio Salesiano entrar\u00e1n en funcionamiento a partir de este 6 de mayo,\u00a0 para cumplir con los objetivos proyectados.\u00a0 Las apreciaciones corresponden a Jos\u00e9 Luis Duarte, Secretario de Tr\u00e1nsito Municipal.<\/p>\n<p>\u201cSe deben incluir nuevas intersecciones en puntos claves de la ciudad y se debe fortalecer la cultura ciudadana\u201d, dijo el funcionario. Peatones, conductores de carros particulares, motociclistas, choferes de veh\u00edculos de servicio p\u00fablico deben comprometerse con el tr\u00e1fico en las principales v\u00edas.<\/p>\n<p>Es necesario hacer seguimiento a las redes de sem\u00e1foros y llevar a cabo el\u00a0 mantenimiento y la prevenci\u00f3n para mejorar la movilidad. Con la participaci\u00f3n de madres cabezas de hogar, que pronto har\u00e1n parte del programa de Guardas C\u00edvicas, se regular\u00e1 la circulaci\u00f3n en zonas donde hay mayor caos vehicular.<\/p>\n<p><strong>Foto: PRENSA ALCALD\u00cdA<\/strong><\/p>\n<p>&nbsp; <\/p>\n","protected":false},"excerpt":{"rendered":"<p>C\u00daCUTA.- El 98 por ciento de las intersecciones viales de C\u00facuta entraron en proceso de mantenimiento correctivo y preventivo al darse inicio al contrato correspondiente a esta labor. El objetivo es\u00a0 disminuir el caos vehicular, evitar los accidentes de tr\u00e1nsito y mejorar la movilidad en la capital nortesantandereana. Las se\u00f1ales preventivas en el barrio El &hellip;<\/p>\n","protected":false},"author":1,"featured_media":26831,"comment_status":"open","ping_status":"open","sticky":false,"template":"","format":"standard","meta":{"footnotes":""},"categories":[2625],"tags":[2107,2937],"class_list":["post-26830","post","type-post","status-publish","format-standard","has-post-thumbnail","hentry","category-alcaldia-de-cucuta","tag-secretaria-de-transito-de-cucuta","tag-semaforos-de-cucuta"],"_links":{"self":[{"href":"https:\/\/contraluzcucuta.co\/index.php?rest_route=\/wp\/v2\/posts\/26830","targetHints":{"allow":["GET"]}}],"collection":[{"href":"https:\/\/contraluzcucuta.co\/index.php?rest_route=\/wp\/v2\/posts"}],"about":[{"href":"https:\/\/contraluzcucuta.co\/index.php?rest_route=\/wp\/v2\/types\/post"}],"author":[{"embeddable":true,"href":"https:\/\/contraluzcucuta.co\/index.php?rest_route=\/wp\/v2\/users\/1"}],"replies":[{"embeddable":true,"href":"https:\/\/contraluzcucuta.co\/index.php?rest_route=%2Fwp%2Fv2%2Fcomments&post=26830"}],"version-history":[{"count":1,"href":"https:\/\/contraluzcucuta.co\/index.php?rest_route=\/wp\/v2\/posts\/26830\/revisions"}],"predecessor-version":[{"id":26832,"href":"https:\/\/contraluzcucuta.co\/index.php?rest_route=\/wp\/v2\/posts\/26830\/revisions\/26832"}],"wp:featuredmedia":[{"embeddable":true,"href":"https:\/\/contraluzcucuta.co\/index.php?rest_route=\/wp\/v2\/media\/26831"}],"wp:attachment":[{"href":"https:\/\/contraluzcucuta.co\/index.php?rest_route=%2Fwp%2Fv2%2Fmedia&parent=26830"}],"wp:term":[{"taxonomy":"category","embeddable":true,"href":"https:\/\/contraluzcucuta.co\/index.php?rest_route=%2Fwp%2Fv2%2Fcategories&post=26830"},{"taxonomy":"post_tag","embeddable":true,"href":"https:\/\/contraluzcucuta.co\/index.php?rest_route=%2Fwp%2Fv2%2Ftags&post=26830"}],"curies":[{"name":"wp","href":"https:\/\/api.w.org\/{rel}","templated":true}]}}