{"id":26826,"date":"2016-05-03T19:31:42","date_gmt":"2016-05-04T00:31:42","guid":{"rendered":"http:\/\/contraluzcucuta.co\/?p=26826"},"modified":"2016-05-03T19:31:42","modified_gmt":"2016-05-04T00:31:42","slug":"rio-2016-gimnastas-cucutenos-recibieron-45-millones","status":"publish","type":"post","link":"https:\/\/contraluzcucuta.co\/?p=26826","title":{"rendered":"R\u00cdO 2016. Gimnastas cucute\u00f1os recibieron $ 45 millones"},"content":{"rendered":"<p><strong>C\u00daCUTA.-<\/strong> Los gimnastas nortesantandereanos que lograron cupos para los Ol\u00edmpicos de R\u00edo de Janeiro, en Brasil, recibieron $ 45 millones de parte del gobierno departamental. El acto de entrega de los recursos se cumpli\u00f3 en el Sal\u00f3n Eustorgio Colmenares Baptista. Jossimar Calvo, clasificado para los Ol\u00edmpicos,\u00a0 encabez\u00f3 el grupo de deportistas.<\/p>\n<p>El pago de incentivos benefici\u00f3 a:<\/p>\n<p>1.- Jairo Ruiz Casas, entrenador de la Selecci\u00f3n Colombia de gimnasia<\/p>\n<p>2.- Javier Sandoval Afanador y Jossimar Calvo. Los atletas recibieron un cheque por $ 15 millones, cada uno.<\/p>\n<p>Los gimnastas llegar\u00e1n a Brasil, el 5 de agosto, y ser\u00e1n los embajadores de Norte de Santander en las m\u00e1ximas justas deportistas.<\/p>\n<p>Reacciones.<\/p>\n<p>William Villamizar<\/p>\n<p>Gobernador de Norte de Santander<\/p>\n<p>Expresamos a nombre del Gobierno departamental toda la admiraci\u00f3n que sentimos por sus m\u00e9ritos, y por poner en alto el nombre de Colombia y del departamento en los escenarios deportivos del mundo.<\/p>\n<p>David Castillo<\/p>\n<p>Director de Indenorte.<\/p>\n<p>Para nosotros es importante apoyar a los deportistas de nuestra regi\u00f3n, no solo en los momentos de triunfos y glorias, sino en su proceso, desarrollo y superaci\u00f3n en las competencias en las que participan.<\/p>\n<p><strong>Foto: PRENSA GOBERNACI\u00d3N<\/strong><\/p>\n<p>&nbsp; <\/p>\n","protected":false},"excerpt":{"rendered":"<p>C\u00daCUTA.- Los gimnastas nortesantandereanos que lograron cupos para los Ol\u00edmpicos de R\u00edo de Janeiro, en Brasil, recibieron $ 45 millones de parte del gobierno departamental. El acto de entrega de los recursos se cumpli\u00f3 en el Sal\u00f3n Eustorgio Colmenares Baptista. Jossimar Calvo, clasificado para los Ol\u00edmpicos,\u00a0 encabez\u00f3 el grupo de deportistas. El pago de incentivos &hellip;<\/p>\n","protected":false},"author":1,"featured_media":26827,"comment_status":"open","ping_status":"open","sticky":false,"template":"","format":"standard","meta":{"footnotes":""},"categories":[28],"tags":[1605,639],"class_list":["post-26826","post","type-post","status-publish","format-standard","has-post-thumbnail","hentry","category-vistazo-deportivo","tag-gimnasia-de-norte-de-santander","tag-jossimar-calvo"],"_links":{"self":[{"href":"https:\/\/contraluzcucuta.co\/index.php?rest_route=\/wp\/v2\/posts\/26826","targetHints":{"allow":["GET"]}}],"collection":[{"href":"https:\/\/contraluzcucuta.co\/index.php?rest_route=\/wp\/v2\/posts"}],"about":[{"href":"https:\/\/contraluzcucuta.co\/index.php?rest_route=\/wp\/v2\/types\/post"}],"author":[{"embeddable":true,"href":"https:\/\/contraluzcucuta.co\/index.php?rest_route=\/wp\/v2\/users\/1"}],"replies":[{"embeddable":true,"href":"https:\/\/contraluzcucuta.co\/index.php?rest_route=%2Fwp%2Fv2%2Fcomments&post=26826"}],"version-history":[{"count":1,"href":"https:\/\/contraluzcucuta.co\/index.php?rest_route=\/wp\/v2\/posts\/26826\/revisions"}],"predecessor-version":[{"id":26828,"href":"https:\/\/contraluzcucuta.co\/index.php?rest_route=\/wp\/v2\/posts\/26826\/revisions\/26828"}],"wp:featuredmedia":[{"embeddable":true,"href":"https:\/\/contraluzcucuta.co\/index.php?rest_route=\/wp\/v2\/media\/26827"}],"wp:attachment":[{"href":"https:\/\/contraluzcucuta.co\/index.php?rest_route=%2Fwp%2Fv2%2Fmedia&parent=26826"}],"wp:term":[{"taxonomy":"category","embeddable":true,"href":"https:\/\/contraluzcucuta.co\/index.php?rest_route=%2Fwp%2Fv2%2Fcategories&post=26826"},{"taxonomy":"post_tag","embeddable":true,"href":"https:\/\/contraluzcucuta.co\/index.php?rest_route=%2Fwp%2Fv2%2Ftags&post=26826"}],"curies":[{"name":"wp","href":"https:\/\/api.w.org\/{rel}","templated":true}]}}