{"id":26823,"date":"2016-05-02T21:51:49","date_gmt":"2016-05-03T02:51:49","guid":{"rendered":"http:\/\/contraluzcucuta.co\/?p=26823"},"modified":"2016-05-02T21:51:49","modified_gmt":"2016-05-03T02:51:49","slug":"informe-especial-cultura-cucutena-percepcion-y-realidad","status":"publish","type":"post","link":"https:\/\/contraluzcucuta.co\/?p=26823","title":{"rendered":"INFORME ESPECIAL. Cultura cucute\u00f1a, percepci\u00f3n y realidad"},"content":{"rendered":"<p><strong>C\u00daCUTA.-<\/strong> Los cucute\u00f1os se han visto sometidos a diferentes apreciaciones no tan favorables en t\u00e9rminos de cultura por parte de personas ajenas o no tan cercanas a la ciudad. Los descalificativos son muchos y se evidencian, por ejemplo, en algunas publicaciones de art\u00edculos o columnas de opini\u00f3n de conocimiento nacional y que no dejaron puntos positivos para rescatar.<\/p>\n<p>Contrario a esto, el cucute\u00f1o natal manifiesta siempre cari\u00f1o sincero hacia la \u201cciudad frontera\u201d. M\u00e1s all\u00e1 de las complicaciones que pueda presentar en materia de organizaci\u00f3n social, pol\u00edtica, econ\u00f3mica o cultural, el ciudadano del com\u00fan manifiesta la intenci\u00f3n de cambio para bien y que nadie est\u00e1 exento de presentar dificultades en sus estructuras como organizaci\u00f3n social.<\/p>\n<p>Ante la pregunta \u00bfqu\u00e9 opina usted de la cultura cucute\u00f1a?, formulada a visitantes de otras ciudades, las respuestas significativas hacen referencia a la falta de cultura ciudadana: evidente desorden (basuras o desechos) en las calles, problemas de movilidad y falta de atenci\u00f3n al desfavorecido, son lunares que se interponen entre la ciudad y la aceptaci\u00f3n de las costumbres o la buena imagen de los habitantes.<\/p>\n<p>Ciro Ram\u00edrez D\u00e1vila, presidente del Comit\u00e9 Intergremial de Norte de Santander, habl\u00f3 sobre las caracter\u00edsticas del cucute\u00f1o promedio. \u201cPor naturaleza es grotesco, no es que hable duro porque est\u00e9 disgustado, sino que el timbre de voz es fuerte; es fiestero, donde ve un tumulto all\u00ed llega a ver qu\u00e9 ocurre. El cucute\u00f1o se ha convertido en una persona abierta, que dice de frente lo que siente, es sincero\u201d.<\/p>\n<p>El cucute\u00f1o es de f\u00e1cil amistad y no es ego\u00edsta. Ha sido forjador de grandes avances para el pa\u00eds. C\u00facuta fue la puerta principal para el ingreso del caf\u00e9 y de la cerveza, aqu\u00ed surgi\u00f3 la primera electrificadora. Ciro Ram\u00edrez dijo que \u201cen ocasiones el cucute\u00f1o no es capaz de administrar lo que tiene. Se han tenido alcaldes no nacidos en C\u00facuta, como Mar\u00eda Eugenia Riascos, natal de Armenia, y Ramiro Su\u00e1rez Corzo, oriundo de Enciso (Santander)\u201d. Si llega alguien se acepta y se percibe como propio de la ciudad sin discriminaci\u00f3n.<\/p>\n<p>As\u00ed ha sucedido a lo largo de la historia con la llegada de extranjeros convirti\u00e9ndose \u2018La Perla del Norte\u2019 en casa de alemanes, italianos, turcos y otras nacionalidades. Estas caracter\u00edsticas forman la identidad de los cucute\u00f1os e implica, tambi\u00e9n, que las costumbres sean acordes con tales maneras de actuar. No es posible hacer que una sociedad se comporte contraria a las tradiciones.<\/p>\n<p>C\u00facuta, adem\u00e1s, cuenta con diversidad de gastronom\u00eda. El pastel de garbanzo es una de las comidas t\u00edpicas y representante nacional de la saz\u00f3n fronteriza. Por ser lim\u00edtrofe con Venezuela se han tomado costumbres vecinas que muchos creen propias de la ciudad. La hallaca y la arepa rellena son platos venezolanos populares en C\u00facuta, y que algunos suponen son originales de la tradici\u00f3n cucute\u00f1a.<\/p>\n<p>Lorena Corvera, historiadora de la biblioteca p\u00fablica Julio P\u00e9rez Ferrero, dio que C\u00facuta era una ciudad con alto potencial comercial ligado a Venezuela y no a Bogot\u00e1, debido a la cercan\u00eda con el pa\u00eds vecino. Se usaban telas inglesas y modas francesas, lo que hizo que llegaran extranjeros y se formaran sectores productivos importantes como el del caf\u00e9. \u201cC\u00facuta es pujante. A pesar de que la destruy\u00f3 el terremoto sigui\u00f3 el camino del progreso\u201d.<\/p>\n<p>La capital de Norte de Santander tiene diversidad de cultura, pero el descuido de los ciudadanos ha hecho que pase a un segundo plano. Los cucute\u00f1os \u201cno muestran inter\u00e9s por recuperarla o porque tome fuerza entre ellos y en el resto del pa\u00eds\u201d, dijo Wadith D\u00edaz Abdala, residente en la ciudad.<\/p>\n<p>La Alcald\u00eda de C\u00facuta desarroll\u00f3 un plan estrat\u00e9gico para mejorar la cultura ciudadana, restablecer la imagen degradada a lo largo de los a\u00f1os y lograr un respeto por la diversidad cultural, pero solo fue moment\u00e1neo. El proyecto dur\u00f3 poco tiempo.<\/p>\n<p>La agenda cultural, mes a mes, es amplia. La biblioteca p\u00fablica Julio P\u00e9rez Ferrero, La Torre del Reloj y La Quinta Teresa, organizan actividades para incentivar la participaci\u00f3n y buscar que se apropien de la cultura regional. Habitantes y visitantes pueden acercarse a cualquiera de esos lugares y aprender m\u00e1s sobre los productos originales.<\/p>\n<p>\u201cSi alguien que no pertenezca a la ciudad al escuchar hablar quiera visitarla, es un paso gigante para mejorar el reconocimiento de esta tierra rojinegra\u201d, dijo David Alexander Parra, quien maneja procesos de apreciaci\u00f3n visual en la ciudad.<\/p>\n<p><strong>RICHARD RODR\u00cdGUEZ \u2013 JOHN EDINSON PE\u00d1A<\/strong><\/p>\n<p><strong>CINTHIA ALFONSO &#8211; EMERSON SILVA GALLO<\/strong><\/p>\n<p><strong>Estudiantes de Comunicaci\u00f3n Social<\/strong><\/p>\n<p><strong>Universidad de Pamplona<\/strong><\/p>\n<p><strong>Campus de Villa del Rosario<\/strong><\/p>\n<p><strong>\u00a0<\/strong> <\/p>\n","protected":false},"excerpt":{"rendered":"<p>C\u00daCUTA.- Los cucute\u00f1os se han visto sometidos a diferentes apreciaciones no tan favorables en t\u00e9rminos de cultura por parte de personas ajenas o no tan cercanas a la ciudad. Los descalificativos son muchos y se evidencian, por ejemplo, en algunas publicaciones de art\u00edculos o columnas de opini\u00f3n de conocimiento nacional y que no dejaron puntos &hellip;<\/p>\n","protected":false},"author":1,"featured_media":26824,"comment_status":"open","ping_status":"open","sticky":false,"template":"","format":"standard","meta":{"footnotes":""},"categories":[45],"tags":[2597,161],"class_list":["post-26823","post","type-post","status-publish","format-standard","has-post-thumbnail","hentry","category-destacado","tag-aula-universitaria","tag-universidad-de-pamplona"],"_links":{"self":[{"href":"https:\/\/contraluzcucuta.co\/index.php?rest_route=\/wp\/v2\/posts\/26823","targetHints":{"allow":["GET"]}}],"collection":[{"href":"https:\/\/contraluzcucuta.co\/index.php?rest_route=\/wp\/v2\/posts"}],"about":[{"href":"https:\/\/contraluzcucuta.co\/index.php?rest_route=\/wp\/v2\/types\/post"}],"author":[{"embeddable":true,"href":"https:\/\/contraluzcucuta.co\/index.php?rest_route=\/wp\/v2\/users\/1"}],"replies":[{"embeddable":true,"href":"https:\/\/contraluzcucuta.co\/index.php?rest_route=%2Fwp%2Fv2%2Fcomments&post=26823"}],"version-history":[{"count":1,"href":"https:\/\/contraluzcucuta.co\/index.php?rest_route=\/wp\/v2\/posts\/26823\/revisions"}],"predecessor-version":[{"id":26825,"href":"https:\/\/contraluzcucuta.co\/index.php?rest_route=\/wp\/v2\/posts\/26823\/revisions\/26825"}],"wp:featuredmedia":[{"embeddable":true,"href":"https:\/\/contraluzcucuta.co\/index.php?rest_route=\/wp\/v2\/media\/26824"}],"wp:attachment":[{"href":"https:\/\/contraluzcucuta.co\/index.php?rest_route=%2Fwp%2Fv2%2Fmedia&parent=26823"}],"wp:term":[{"taxonomy":"category","embeddable":true,"href":"https:\/\/contraluzcucuta.co\/index.php?rest_route=%2Fwp%2Fv2%2Fcategories&post=26823"},{"taxonomy":"post_tag","embeddable":true,"href":"https:\/\/contraluzcucuta.co\/index.php?rest_route=%2Fwp%2Fv2%2Ftags&post=26823"}],"curies":[{"name":"wp","href":"https:\/\/api.w.org\/{rel}","templated":true}]}}