{"id":26820,"date":"2016-05-02T21:23:08","date_gmt":"2016-05-03T02:23:08","guid":{"rendered":"http:\/\/contraluzcucuta.co\/?p=26820"},"modified":"2016-05-02T21:23:08","modified_gmt":"2016-05-03T02:23:08","slug":"perfil-don-chepe-y-el-secreto-de-la-sanacion","status":"publish","type":"post","link":"https:\/\/contraluzcucuta.co\/?p=26820","title":{"rendered":"PERFIL. Don Chepe y el secreto de la sanaci\u00f3n"},"content":{"rendered":"<p>&nbsp;<\/p>\n<p><strong>C\u00daCUTA.-<\/strong> Un \u2018secreto\u2019 que puede costar la vida es lo que guarda Jos\u00e9 Haro en su memoria. Le ha servido como sustento y como herramienta de ayuda para quienes lo buscan con la esperanza de encontrar cura a los males. La instrucci\u00f3n la recibi\u00f3 de su padre y aprendi\u00f3 desde ni\u00f1o el arte de \u2018secretear\u2019 o \u2018rezar\u2019 para aliviar esas enfermedades a las que los m\u00e9dicos no les encuentran soluci\u00f3n.<\/p>\n<p>Nacido en San Calixto, don Chepe lleg\u00f3 a C\u00facuta hace 36 a\u00f1os en busca de mejor vida. La ciudad le abri\u00f3 las puertas y le regal\u00f3 a Teresa, el amor de su vida. Al recordarla con dulzura, los ojos color caf\u00e9, que llegan a parecer negros, se entristecen. La muerte la sorprendi\u00f3 en el hogar hace unos meses.<\/p>\n<p>El barrio Motilones, en la ciudadela Juan Atalaya, se convirti\u00f3 en su hogar, que ahora comparte con el hijo menor Jhonatan, dos tortugas y tres loros, que repiten sin cesar \u2018Hola, lorito \u00bfquiere cacao?\u2019.<\/p>\n<p>En Oca\u00f1a se dedic\u00f3 a las labores del campo, pero al llegar a la ciudad se vio obligado a buscar otra opci\u00f3n. Record\u00f3 las ense\u00f1anzas de su padre, aunque algo hac\u00eda falta, no le hab\u00eda heredado \u2018el secreto\u2019, esa frase que pudiera parecer m\u00e1gica y esencial a la hora de ejercer la labor.<\/p>\n<p>\u201cEl secreto me cost\u00f3 plata. Eso uno no se lo da a cualquiera, por tenerlo hasta llegan a matar gente. Uno, si acaso, se lo dice a un hijo cuando se va a morir. Mi pap\u00e1 no me lo dej\u00f3, me toc\u00f3 comprarlo\u201d. Le cost\u00f3 $ 50 hace 30 a\u00f1os.<\/p>\n<p>La sonrisa no se borra del rostro. Los dientes blancos resaltan sobre la piel morena, arrugada por los a\u00f1os. Extrovertido, simp\u00e1tico y enamoradizo, as\u00ed lo define Duperle Haro, una de las hijas.<\/p>\n<p>Van a ser a las 10:00 de la ma\u00f1ana. El olor a pan reci\u00e9n horneado invade la casa y las bandejas de este apetecible manjar pasean de un lado a otro. Otro hijo es el due\u00f1o de la f\u00e1brica. La idea es estar disponible cuando sea necesario.<\/p>\n<p>\u201cMi nono puede poner de rodillas al que quiera, tiene mucho poder\u201d, dijo Manuel Pe\u00f1aranda, quien ha crecido viendo el flujo de desconocidos que buscan a su abuelo. A pesar de estas palabras, don Chepe niega haber usado sus facultades para el mal, porque es devoto de la Virgen y fiel seguidor de la fe cat\u00f3lica. Cada trabajo se lo encomienda \u00a0a Dios y le pide que por fe todo sea curado.<\/p>\n<p>Nunca ha tenido problemas con la Iglesia, a pesar de que puede considerar esta pr\u00e1ctica contraria a los dogmas. \u201cEso es cosa m\u00eda, es como si yo le propusiera matrimonio a usted, nadie puede decirme nada\u201d. Mal de ojo, culebrilla, picaduras de pito y cualquier clase de dolor hacen parte de las afecciones tratadas por este hombre, que cuenta con el reconocimiento de quienes han acudido a sus servicios.<\/p>\n<p>El orgullo sale a flote al recordar algunas an\u00e9cdotas que le ha dejado esta labor. Un d\u00eda, lleg\u00f3 un joven con un dolor de o\u00eddo permanente, hab\u00eda recorrido los centros m\u00e9dicos de la ciudad y en ninguno le daban soluci\u00f3n. Por el contrario, la molestia aumentaba cada d\u00eda. \u201cLa gente llega a m\u00ed sin ni siquiera yo saber. A ese muchacho ni lo conoc\u00ed. Vinieron y me dijeron. Le mand\u00e9 el secreto por el aire y ah\u00ed mismo se cur\u00f3. Al otro d\u00eda vinieron a agradecerme\u201d.<\/p>\n<p>Otro caso que recuerda es el de una mujer que padec\u00eda de culebrilla. \u201cFue al m\u00e9dico y le mandaron una crema, pero no le sirvi\u00f3 de nada. Todo el mundo sabe que la culebrilla no la curan los m\u00e9dicos\u201d, dijo entre risas y burlas. \u201cYa casi le tocaba la cabeza con la cola y usted sabe que si eso pasa, la gente se muere, menos mal vino a tiempo\u201d.<\/p>\n<p>A los 87 a\u00f1os, don Chepe vive tranquilo. No tiene mayores preocupaciones, \u00a0trabaj\u00f3 cuando era joven, ahora son los hijos quienes se encargan de \u00e9l y le permiten vivir una vida c\u00f3moda.<\/p>\n<p>Su regalo es una valoraci\u00f3n en busca de alg\u00fan mal y el posterior rezo que resulta incomprensible para cualquiera que intente descifrarlo. Con su particular car\u00e1cter ameno se despide. Alega que no se ha arreglado y que tiene que estar preparado para cualquier visita, porque nunca sabe cu\u00e1ndo llegue alguien a buscar sus conocimientos.<\/p>\n<p><strong>PAULA MART\u00cdNEZ<\/strong><\/p>\n<p><strong>Estudiante de Comunicaci\u00f3n Social<\/strong><\/p>\n<p><strong>Universidad de Pamplona<\/strong><\/p>\n<p><strong>Campus de Villa del Rosario<\/strong><\/p>\n<p><strong>Foto: Especial para <a href=\"http:\/\/www.contraluzcucuta.co\">www.contraluzcucuta.co<\/a><\/strong><\/p>\n<p>&nbsp; <\/p>\n","protected":false},"excerpt":{"rendered":"<p>&nbsp; C\u00daCUTA.- Un \u2018secreto\u2019 que puede costar la vida es lo que guarda Jos\u00e9 Haro en su memoria. Le ha servido como sustento y como herramienta de ayuda para quienes lo buscan con la esperanza de encontrar cura a los males. La instrucci\u00f3n la recibi\u00f3 de su padre y aprendi\u00f3 desde ni\u00f1o el arte de &hellip;<\/p>\n","protected":false},"author":1,"featured_media":26821,"comment_status":"open","ping_status":"open","sticky":false,"template":"","format":"standard","meta":{"footnotes":""},"categories":[17],"tags":[2597,719,161],"class_list":["post-26820","post","type-post","status-publish","format-standard","has-post-thumbnail","hentry","category-conversaciones-a-contraluz","tag-aula-universitaria","tag-unipamplona","tag-universidad-de-pamplona"],"_links":{"self":[{"href":"https:\/\/contraluzcucuta.co\/index.php?rest_route=\/wp\/v2\/posts\/26820","targetHints":{"allow":["GET"]}}],"collection":[{"href":"https:\/\/contraluzcucuta.co\/index.php?rest_route=\/wp\/v2\/posts"}],"about":[{"href":"https:\/\/contraluzcucuta.co\/index.php?rest_route=\/wp\/v2\/types\/post"}],"author":[{"embeddable":true,"href":"https:\/\/contraluzcucuta.co\/index.php?rest_route=\/wp\/v2\/users\/1"}],"replies":[{"embeddable":true,"href":"https:\/\/contraluzcucuta.co\/index.php?rest_route=%2Fwp%2Fv2%2Fcomments&post=26820"}],"version-history":[{"count":1,"href":"https:\/\/contraluzcucuta.co\/index.php?rest_route=\/wp\/v2\/posts\/26820\/revisions"}],"predecessor-version":[{"id":26822,"href":"https:\/\/contraluzcucuta.co\/index.php?rest_route=\/wp\/v2\/posts\/26820\/revisions\/26822"}],"wp:featuredmedia":[{"embeddable":true,"href":"https:\/\/contraluzcucuta.co\/index.php?rest_route=\/wp\/v2\/media\/26821"}],"wp:attachment":[{"href":"https:\/\/contraluzcucuta.co\/index.php?rest_route=%2Fwp%2Fv2%2Fmedia&parent=26820"}],"wp:term":[{"taxonomy":"category","embeddable":true,"href":"https:\/\/contraluzcucuta.co\/index.php?rest_route=%2Fwp%2Fv2%2Fcategories&post=26820"},{"taxonomy":"post_tag","embeddable":true,"href":"https:\/\/contraluzcucuta.co\/index.php?rest_route=%2Fwp%2Fv2%2Ftags&post=26820"}],"curies":[{"name":"wp","href":"https:\/\/api.w.org\/{rel}","templated":true}]}}