{"id":26808,"date":"2016-05-02T19:41:36","date_gmt":"2016-05-03T00:41:36","guid":{"rendered":"http:\/\/contraluzcucuta.co\/?p=26808"},"modified":"2016-05-02T19:41:36","modified_gmt":"2016-05-03T00:41:36","slug":"ufps-docente-presento-libro-en-la-feria-de-bogota","status":"publish","type":"post","link":"https:\/\/contraluzcucuta.co\/?p=26808","title":{"rendered":"UFPS. Docente present\u00f3 libro en la Feria de Bogot\u00e1"},"content":{"rendered":"<p>Jes\u00fas Ernesto Urbina C\u00e1rdenas, docente UFPS y director del Grupo de Investigaci\u00f3n en Estudios Sociales y Pedagog\u00eda para la Paz (Giesppaz), \u00a0present\u00f3 el libro \u2018Educaci\u00f3n, sociedad e interculturalidad\u2019, en la versi\u00f3n 29 de la Feria del Libro de Bogot\u00e1 \u20132016.<\/p>\n<p>Di\u00e1logos desde la comprensi\u00f3n y la acci\u00f3n educativa en Am\u00e9rica Latina, complementan el t\u00edtulo. El texto es producto de trabajos investigativos de seis docentes de la Universidad Santo Tom\u00e1s.<\/p>\n<p>\u201cMi aporte es el cap\u00edtulo 5, se denomina, \u00c1gape &#8211; pedagog\u00eda o el camino de una pedagog\u00eda para las paces: una lectura filos\u00f3fica en la clave intercultural que ofrece un amplio panorama para reconocer las m\u00faltiples manifestaciones de estados de paz que se dan de manera expedita en la vida cotidiana\u201d.<\/p>\n<p>El material bibliogr\u00e1fico es el resultado de la compilaci\u00f3n de trabajos investigativos por compa\u00f1eros con t\u00edtulo de Doctor, que abordan la educaci\u00f3n intercultural desde diversas miradas, en torno a conceptos filos\u00f3ficos, educativos, pedag\u00f3gicos y otros afines.<\/p>\n<p>\u201cPropongo el concepto de la \u00e1gape \u2013 pedagog\u00eda, y el t\u00e9rmino \u00e1gape no constituye solo una pr\u00e1ctica que se manifiesta en ciertas culturas religiosas, sino que aparece de manera natural como rasgo inherente a las relaciones humanas\u201d.<\/p>\n<p>Es muy satisfactorio para Norte de Santander y para la UFPS obtener estos logros que impactan de manera positiva y hacen sobresalir a las universidades de las regiones por aportar a la producci\u00f3n acad\u00e9mica y la investigativa nacional.<\/p>\n<p>A t\u00edtulo personal, la publicaci\u00f3n es un logro que le deja satisfacciones, como posicionar en la comunidad acad\u00e9mica nacional un concepto que original resultado del trabajo en investigaci\u00f3n, la \u00e1gape pedagog\u00eda.<\/p>\n<p>Es importante que desde las regiones se propongan nuevas categor\u00edas para analizar alternativas de educaci\u00f3n para la paz. \u201cEs la mayor satisfacci\u00f3n como investigador. Nos fortalece como universidad en el camino de la calidad, y se empiezan a ver los resultados\u201d.<\/p>\n<p>El libro reposar\u00e1 en la biblioteca Eduardo Cote Lamus para que docentes, estudiantes y particulares interesados puedan leerlo o tomarlo como referencia para trabajos acad\u00e9micos.<\/p>\n<p><strong>Foto: PRENSA UFPS<\/strong><\/p>\n<p>&nbsp;<\/p>\n<p>&nbsp; <\/p>\n","protected":false},"excerpt":{"rendered":"<p>Jes\u00fas Ernesto Urbina C\u00e1rdenas, docente UFPS y director del Grupo de Investigaci\u00f3n en Estudios Sociales y Pedagog\u00eda para la Paz (Giesppaz), \u00a0present\u00f3 el libro \u2018Educaci\u00f3n, sociedad e interculturalidad\u2019, en la versi\u00f3n 29 de la Feria del Libro de Bogot\u00e1 \u20132016. Di\u00e1logos desde la comprensi\u00f3n y la acci\u00f3n educativa en Am\u00e9rica Latina, complementan el t\u00edtulo. El &hellip;<\/p>\n","protected":false},"author":1,"featured_media":26809,"comment_status":"open","ping_status":"open","sticky":false,"template":"","format":"standard","meta":{"footnotes":""},"categories":[74],"tags":[1401,229],"class_list":["post-26808","post","type-post","status-publish","format-standard","has-post-thumbnail","hentry","category-aula-universitaria","tag-feria-del-libro-de-bogota","tag-ufps"],"_links":{"self":[{"href":"https:\/\/contraluzcucuta.co\/index.php?rest_route=\/wp\/v2\/posts\/26808","targetHints":{"allow":["GET"]}}],"collection":[{"href":"https:\/\/contraluzcucuta.co\/index.php?rest_route=\/wp\/v2\/posts"}],"about":[{"href":"https:\/\/contraluzcucuta.co\/index.php?rest_route=\/wp\/v2\/types\/post"}],"author":[{"embeddable":true,"href":"https:\/\/contraluzcucuta.co\/index.php?rest_route=\/wp\/v2\/users\/1"}],"replies":[{"embeddable":true,"href":"https:\/\/contraluzcucuta.co\/index.php?rest_route=%2Fwp%2Fv2%2Fcomments&post=26808"}],"version-history":[{"count":1,"href":"https:\/\/contraluzcucuta.co\/index.php?rest_route=\/wp\/v2\/posts\/26808\/revisions"}],"predecessor-version":[{"id":26810,"href":"https:\/\/contraluzcucuta.co\/index.php?rest_route=\/wp\/v2\/posts\/26808\/revisions\/26810"}],"wp:featuredmedia":[{"embeddable":true,"href":"https:\/\/contraluzcucuta.co\/index.php?rest_route=\/wp\/v2\/media\/26809"}],"wp:attachment":[{"href":"https:\/\/contraluzcucuta.co\/index.php?rest_route=%2Fwp%2Fv2%2Fmedia&parent=26808"}],"wp:term":[{"taxonomy":"category","embeddable":true,"href":"https:\/\/contraluzcucuta.co\/index.php?rest_route=%2Fwp%2Fv2%2Fcategories&post=26808"},{"taxonomy":"post_tag","embeddable":true,"href":"https:\/\/contraluzcucuta.co\/index.php?rest_route=%2Fwp%2Fv2%2Ftags&post=26808"}],"curies":[{"name":"wp","href":"https:\/\/api.w.org\/{rel}","templated":true}]}}