{"id":26791,"date":"2016-05-01T19:40:46","date_gmt":"2016-05-02T00:40:46","guid":{"rendered":"http:\/\/contraluzcucuta.co\/?p=26791"},"modified":"2016-05-01T19:40:46","modified_gmt":"2016-05-02T00:40:46","slug":"primero-de-mayo-pancartas-pasacalles-y-banderas","status":"publish","type":"post","link":"https:\/\/contraluzcucuta.co\/?p=26791","title":{"rendered":"PRIMERO DE MAYO. \u00a0Pancartas, pasacalles y banderas"},"content":{"rendered":"<p><strong>C\u00daCUTA.-<\/strong> Es domingo. La cita en este d\u00eda lluvioso debe cumplir en el estadio General Santander. La multitud exhibe pancartas, pasacalles y banderas con siglas y lemas de sindicatos, movimientos pol\u00edticos y organizaciones estudiantes. Est\u00e1n reunidos para dar inicio a la marcha que recorrer\u00e1 algunas calles y avenidas de C\u00facuta, para conmemorar el D\u00eda Internacional del Trabajo. Es primero de mayo.<\/p>\n<p>A las 9:00 de la ma\u00f1ana, el sol y las nubes grises \u00a0\u00a0disputan el honor de acompa\u00f1ar a los caminantes. La Plaza de Banderas es el punto de partida, avanzan por la Diagonal Santander, pasan frente a los hombres vestidos de negro que los custodian y gritan los canticos preparados para la ocasi\u00f3n.<\/p>\n<p>A todo pulm\u00f3n cantan, aplauden, agitan banderas. Daniel y Geraldine, cada uno con un extintor, los presionan y sale un polvo rojo en forma de humo. Nadie lo esperaba este espect\u00e1culo. Continuaron por la calle 10, para luego subir por la\u00a0 avenida segunda. Antes de llegar a la calle 14, los agentes de la polic\u00eda intervienen para detener \u00a0a \u2018Catal\u00e1n\u2019, un chico alto y de piel trigue\u00f1a.<\/p>\n<p>El altercado qued\u00f3 como an\u00e9cdota luego de la intervenci\u00f3n de funcionarios de la Defesor\u00eda del Pueblo y defensores de los derechos humanos. Mediaron entre las dos partes y la marcha prosigui\u00f3.<\/p>\n<p>Al fondo, el parque Colon aguardaba para recibir a los trabajadores que tienen por costumbre caminar en esta fecha para recordar la lucha que iniciaron los obreros de Estados Unidos para reclamar jornadas laborales de ocho horas diarias. Ocurri\u00f3 en 1886, \u00e9poca de avance industrial, en el mundo.<\/p>\n<p>Al llegar a la plaza de La Victoria, se forma un c\u00edrculo grande amenizado con c\u00e1nticos. Al terminar el mensaje los caminantes se hidrataron y se dispusieron para disfrutar del intercambio cultural organizado para la fecha. Siguieron los bailes, la m\u00fasica y las intervenciones de los oradores.<\/p>\n<p>As\u00ed se record\u00f3 una vez m\u00e1s en la capital de Norte de Santander, el D\u00eda del Trabajador. En el resto del pa\u00eds tambi\u00e9n se dieron las consabidas manifestaciones, en las que no faltan las arengas en contra de las pol\u00edticas oficiales y a favor de los derechos de los obreros.<\/p>\n<p>&nbsp;<\/p>\n<p><strong>ROSANGELICA CASTRO<\/strong><\/p>\n<p><strong>Estudiante de Comunicaci\u00f3n Social<\/strong><\/p>\n<p><strong>Universidad de Pamplona<\/strong><\/p>\n<p><strong>Campus de Villa del Rosario<\/strong><\/p>\n<p><strong>Foto: Especial para <a href=\"http:\/\/www.contraluzcucuta.co\">www.contraluzcucuta.co<\/a><\/strong><\/p>\n<p><strong>\u00a0<\/strong><\/p>\n<p>&nbsp;<\/p>\n<p>&nbsp; <\/p>\n","protected":false},"excerpt":{"rendered":"<p>C\u00daCUTA.- Es domingo. La cita en este d\u00eda lluvioso debe cumplir en el estadio General Santander. La multitud exhibe pancartas, pasacalles y banderas con siglas y lemas de sindicatos, movimientos pol\u00edticos y organizaciones estudiantes. Est\u00e1n reunidos para dar inicio a la marcha que recorrer\u00e1 algunas calles y avenidas de C\u00facuta, para conmemorar el D\u00eda Internacional &hellip;<\/p>\n","protected":false},"author":1,"featured_media":26792,"comment_status":"open","ping_status":"open","sticky":false,"template":"","format":"standard","meta":{"footnotes":""},"categories":[74,4],"tags":[2933],"class_list":["post-26791","post","type-post","status-publish","format-standard","has-post-thumbnail","hentry","category-aula-universitaria","category-barra","tag-marcha-del-primero-de-mayor-en-cucuta"],"_links":{"self":[{"href":"https:\/\/contraluzcucuta.co\/index.php?rest_route=\/wp\/v2\/posts\/26791","targetHints":{"allow":["GET"]}}],"collection":[{"href":"https:\/\/contraluzcucuta.co\/index.php?rest_route=\/wp\/v2\/posts"}],"about":[{"href":"https:\/\/contraluzcucuta.co\/index.php?rest_route=\/wp\/v2\/types\/post"}],"author":[{"embeddable":true,"href":"https:\/\/contraluzcucuta.co\/index.php?rest_route=\/wp\/v2\/users\/1"}],"replies":[{"embeddable":true,"href":"https:\/\/contraluzcucuta.co\/index.php?rest_route=%2Fwp%2Fv2%2Fcomments&post=26791"}],"version-history":[{"count":1,"href":"https:\/\/contraluzcucuta.co\/index.php?rest_route=\/wp\/v2\/posts\/26791\/revisions"}],"predecessor-version":[{"id":26793,"href":"https:\/\/contraluzcucuta.co\/index.php?rest_route=\/wp\/v2\/posts\/26791\/revisions\/26793"}],"wp:featuredmedia":[{"embeddable":true,"href":"https:\/\/contraluzcucuta.co\/index.php?rest_route=\/wp\/v2\/media\/26792"}],"wp:attachment":[{"href":"https:\/\/contraluzcucuta.co\/index.php?rest_route=%2Fwp%2Fv2%2Fmedia&parent=26791"}],"wp:term":[{"taxonomy":"category","embeddable":true,"href":"https:\/\/contraluzcucuta.co\/index.php?rest_route=%2Fwp%2Fv2%2Fcategories&post=26791"},{"taxonomy":"post_tag","embeddable":true,"href":"https:\/\/contraluzcucuta.co\/index.php?rest_route=%2Fwp%2Fv2%2Ftags&post=26791"}],"curies":[{"name":"wp","href":"https:\/\/api.w.org\/{rel}","templated":true}]}}