{"id":26711,"date":"2016-04-25T20:27:16","date_gmt":"2016-04-26T01:27:16","guid":{"rendered":"http:\/\/contraluzcucuta.co\/?p=26711"},"modified":"2016-04-25T20:27:16","modified_gmt":"2016-04-26T01:27:16","slug":"internet-garantizan-servicio-150-sedes-educativas-oficiales","status":"publish","type":"post","link":"https:\/\/contraluzcucuta.co\/?p=26711","title":{"rendered":"INTERNET. Garantizan servicio a 150 sedes educativas oficiales"},"content":{"rendered":"<p><strong>C\u00daCUTA.-<\/strong> 150 sedes educativas oficiales tendr\u00edan servicio de internet \u00a0al cumplirse el proceso de licitaci\u00f3n, abierto por la administraci\u00f3n municipal. Se espera que, seg\u00fan el cronograma establecido, el 11 de mayo se legalice el contrato con la firma que cumpla con los requisitos solicitados.<\/p>\n<p>La firma que gane tendr\u00e1, m\u00e1ximo, 15 d\u00edas h\u00e1biles para la instalaci\u00f3n y darle conectividad a las sedes educativas. El programa Conexi\u00f3n Total del Ministerio de Educaci\u00f3n aport\u00f3 $ 2193 millones para la implementaci\u00f3n de las Tecnolog\u00edas de Informaci\u00f3n y Comunicaciones en la comunidad educativa.<\/p>\n<p>La secretaria de Educaci\u00f3n, Indira P\u00e9rez, dijo que la meta es optimizar el servicio y los recursos. Este a\u00f1o se conectar\u00e1n 50 planteles m\u00e1s y se aumentar\u00e1 a velocidades de 20 MB en sedes principales y 10 MB en las alternas.<\/p>\n<p>Se gestionan recursos para conectar las 18 sedes educativas restantes para que la totalidad de ni\u00f1os, adolescentes y j\u00f3venes de C\u00facuta tengan acceso al servicio desde las instituciones.<\/p>\n<p><strong>Foto: PRENSA ALCALD\u00cdA<\/strong> <\/p>\n","protected":false},"excerpt":{"rendered":"<p>C\u00daCUTA.- 150 sedes educativas oficiales tendr\u00edan servicio de internet \u00a0al cumplirse el proceso de licitaci\u00f3n, abierto por la administraci\u00f3n municipal. Se espera que, seg\u00fan el cronograma establecido, el 11 de mayo se legalice el contrato con la firma que cumpla con los requisitos solicitados. La firma que gane tendr\u00e1, m\u00e1ximo, 15 d\u00edas h\u00e1biles para la &hellip;<\/p>\n","protected":false},"author":1,"featured_media":26712,"comment_status":"open","ping_status":"open","sticky":false,"template":"","format":"standard","meta":{"footnotes":""},"categories":[36],"tags":[226],"class_list":["post-26711","post","type-post","status-publish","format-standard","has-post-thumbnail","hentry","category-la-voz-del-pueblo","tag-alcaldia-de-cucuta"],"_links":{"self":[{"href":"https:\/\/contraluzcucuta.co\/index.php?rest_route=\/wp\/v2\/posts\/26711","targetHints":{"allow":["GET"]}}],"collection":[{"href":"https:\/\/contraluzcucuta.co\/index.php?rest_route=\/wp\/v2\/posts"}],"about":[{"href":"https:\/\/contraluzcucuta.co\/index.php?rest_route=\/wp\/v2\/types\/post"}],"author":[{"embeddable":true,"href":"https:\/\/contraluzcucuta.co\/index.php?rest_route=\/wp\/v2\/users\/1"}],"replies":[{"embeddable":true,"href":"https:\/\/contraluzcucuta.co\/index.php?rest_route=%2Fwp%2Fv2%2Fcomments&post=26711"}],"version-history":[{"count":1,"href":"https:\/\/contraluzcucuta.co\/index.php?rest_route=\/wp\/v2\/posts\/26711\/revisions"}],"predecessor-version":[{"id":26713,"href":"https:\/\/contraluzcucuta.co\/index.php?rest_route=\/wp\/v2\/posts\/26711\/revisions\/26713"}],"wp:featuredmedia":[{"embeddable":true,"href":"https:\/\/contraluzcucuta.co\/index.php?rest_route=\/wp\/v2\/media\/26712"}],"wp:attachment":[{"href":"https:\/\/contraluzcucuta.co\/index.php?rest_route=%2Fwp%2Fv2%2Fmedia&parent=26711"}],"wp:term":[{"taxonomy":"category","embeddable":true,"href":"https:\/\/contraluzcucuta.co\/index.php?rest_route=%2Fwp%2Fv2%2Fcategories&post=26711"},{"taxonomy":"post_tag","embeddable":true,"href":"https:\/\/contraluzcucuta.co\/index.php?rest_route=%2Fwp%2Fv2%2Ftags&post=26711"}],"curies":[{"name":"wp","href":"https:\/\/api.w.org\/{rel}","templated":true}]}}