{"id":26705,"date":"2016-04-25T19:41:28","date_gmt":"2016-04-26T00:41:28","guid":{"rendered":"http:\/\/contraluzcucuta.co\/?p=26705"},"modified":"2016-04-25T19:41:28","modified_gmt":"2016-04-26T00:41:28","slug":"alcaldia-empresarios-se-unen-por-el-progreso-de-cucuta","status":"publish","type":"post","link":"https:\/\/contraluzcucuta.co\/?p=26705","title":{"rendered":"ALCALD\u00cdA. Empresarios se unen por el progreso de C\u00facuta"},"content":{"rendered":"<p><strong>C\u00daCUTA.-<\/strong> Cincuenta empresarios cucute\u00f1os y el alcalde C\u00e9sar Rojas analizar diferentes aspectos de la ciudad y decidieron trabajar mancomunadamente por un mismo objetivo. La intenci\u00f3n es reactivar la econom\u00eda local y apoyar a los gremios para superar la situaci\u00f3n que afrontan.<\/p>\n<p>Hoteleros, industriales, agropecuarios y econ\u00f3micos, entre otros grupos productivos, presentaron las inquietudes que tienen ante el rumbo que ha tomado la capital de Norte de Santander, en los \u00faltimos a\u00f1os. Los encuentros se llevar\u00e1n a cabo una vez al mes para tomar acciones s\u00f3lidas y concretas.<\/p>\n<p>Los empresarios mostraron complacencia por la receptividad del alcalde Rojas y por el respaldo a las propuestas presentadas. Luego de la reuni\u00f3n se anunci\u00f3 que con la uni\u00f3n y el apoyo de las grandes industrias y empresas de la ciudad se lograr\u00e1 el progreso de C\u00facuta.<\/p>\n<p>Rojas Ayala invit\u00f3 a los cucute\u00f1os a creer en lo propio, a comprar productos fabricados en la ciudad y a servir de voz a voz regional y nacional para contribuir en la publicidad y venta de los insumos.<\/p>\n<p><strong>Foto: PRENSA ALCALD\u00cdA<\/strong><\/p>\n<p>&nbsp; <\/p>\n","protected":false},"excerpt":{"rendered":"<p>C\u00daCUTA.- Cincuenta empresarios cucute\u00f1os y el alcalde C\u00e9sar Rojas analizar diferentes aspectos de la ciudad y decidieron trabajar mancomunadamente por un mismo objetivo. La intenci\u00f3n es reactivar la econom\u00eda local y apoyar a los gremios para superar la situaci\u00f3n que afrontan. Hoteleros, industriales, agropecuarios y econ\u00f3micos, entre otros grupos productivos, presentaron las inquietudes que tienen &hellip;<\/p>\n","protected":false},"author":1,"featured_media":26706,"comment_status":"open","ping_status":"open","sticky":false,"template":"","format":"standard","meta":{"footnotes":""},"categories":[2625],"tags":[226,2626],"class_list":["post-26705","post","type-post","status-publish","format-standard","has-post-thumbnail","hentry","category-alcaldia-de-cucuta","tag-alcaldia-de-cucuta","tag-cesar-rojas-alcalde"],"_links":{"self":[{"href":"https:\/\/contraluzcucuta.co\/index.php?rest_route=\/wp\/v2\/posts\/26705","targetHints":{"allow":["GET"]}}],"collection":[{"href":"https:\/\/contraluzcucuta.co\/index.php?rest_route=\/wp\/v2\/posts"}],"about":[{"href":"https:\/\/contraluzcucuta.co\/index.php?rest_route=\/wp\/v2\/types\/post"}],"author":[{"embeddable":true,"href":"https:\/\/contraluzcucuta.co\/index.php?rest_route=\/wp\/v2\/users\/1"}],"replies":[{"embeddable":true,"href":"https:\/\/contraluzcucuta.co\/index.php?rest_route=%2Fwp%2Fv2%2Fcomments&post=26705"}],"version-history":[{"count":1,"href":"https:\/\/contraluzcucuta.co\/index.php?rest_route=\/wp\/v2\/posts\/26705\/revisions"}],"predecessor-version":[{"id":26707,"href":"https:\/\/contraluzcucuta.co\/index.php?rest_route=\/wp\/v2\/posts\/26705\/revisions\/26707"}],"wp:featuredmedia":[{"embeddable":true,"href":"https:\/\/contraluzcucuta.co\/index.php?rest_route=\/wp\/v2\/media\/26706"}],"wp:attachment":[{"href":"https:\/\/contraluzcucuta.co\/index.php?rest_route=%2Fwp%2Fv2%2Fmedia&parent=26705"}],"wp:term":[{"taxonomy":"category","embeddable":true,"href":"https:\/\/contraluzcucuta.co\/index.php?rest_route=%2Fwp%2Fv2%2Fcategories&post=26705"},{"taxonomy":"post_tag","embeddable":true,"href":"https:\/\/contraluzcucuta.co\/index.php?rest_route=%2Fwp%2Fv2%2Ftags&post=26705"}],"curies":[{"name":"wp","href":"https:\/\/api.w.org\/{rel}","templated":true}]}}