{"id":26692,"date":"2016-04-23T14:03:27","date_gmt":"2016-04-23T19:03:27","guid":{"rendered":"http:\/\/contraluzcucuta.co\/?p=26692"},"modified":"2016-04-23T14:03:27","modified_gmt":"2016-04-23T19:03:27","slug":"23-de-abril-el-idioma-no-muere-se-trasforma","status":"publish","type":"post","link":"https:\/\/contraluzcucuta.co\/?p=26692","title":{"rendered":"23 DE ABRIL. El idioma no muere, se trasforma"},"content":{"rendered":"<p><strong>C\u00daCUTA.-<\/strong> La conmemoraci\u00f3n del D\u00eda del Idioma era tan esperado en escuelas y colegios como la celebraci\u00f3n del D\u00eda de la Madre. Los profesores de espa\u00f1ol trazaban las actividades desde el comienzo del calendario acad\u00e9mico. Esa programaci\u00f3n inclu\u00eda poes\u00eda, danzas, dramatizados, canci\u00f3n y lectura. Los alumnos luc\u00edan el uniforme de gala y la jornada duraba toda la ma\u00f1ana. Pocos acusaban cansancio.<\/p>\n<p>Los tiempos pasaron y los docentes comenzaron a llegar a los planteles educativos con t\u00edtulos rimbombantes. Los normalistas quedaban relegados, y por entre el estudiantado se abr\u00edan paso, licenciados, especialistas y mag\u00edsteres. Nuevas ideas, mejores contenidos, m\u00e1s planes de estudio y menos actos recordatorios de las fechas ic\u00f3nicas de la educaci\u00f3n.<\/p>\n<p>La bandera dej\u00f3 de izarse y la entrega de reconocimientos a los mejores de cada sal\u00f3n no volvi\u00f3 a organizarse. Entre esos cambios tambi\u00e9n se relegaron las manifestaciones culturales y los centros literarios no aparecieron m\u00e1s en el horario de los j\u00f3venes. El D\u00eda del Idioma qued\u00f3 como una fecha que anta\u00f1o ten\u00eda connotaci\u00f3n, pero que en el presente carec\u00eda de valor.<\/p>\n<p>Hoy, con la globalizaci\u00f3n del idioma y la unificaci\u00f3n de terminolog\u00edas aparece con fuerza la necesidad de volver a esos a\u00f1os remotos para darle un respiro al espa\u00f1ol como idioma que hablan y escriben millones de hombres y mujeres. La intromisi\u00f3n de palabras llegadas de pa\u00edses no hispanohablantes parece no detenerse, porque a quienes les corresponde defender el idioma no tienen tiempo para hacer la traducci\u00f3n y as\u00ed poner el respectivo escudo impermeabilizante.<\/p>\n<p>Es cierto, el avasallante crecimiento de la tecnolog\u00eda no da espacio para pensar a ese ritmo acelerado. Es cierto, la terminolog\u00eda gringa, en especial, a veces tiene mayor sonoridad que la castellanizada. Es cierto, esas palabras tienen el efecto que descresta a parroquianos.\u00a0 Es cierto, es mejor aprender un t\u00e9rmino en ingl\u00e9s que buscar la traducci\u00f3n y procurar que los vecinos hablen de manera sencilla.<\/p>\n<p>Pero tambi\u00e9n es cierto que muchos escuchas no entienden qu\u00e9 se les dice y toman caminos equivocados por falta de comprensi\u00f3n. No es lo mismo hablar y escribir esa mescolanza de palabras sacadas de los computadores y que traen sabor y olor yanquis, que las espa\u00f1olas contenidas en el diccionario de la Real Academia, que les dan un gusto especial a los textos.<\/p>\n<p>C\u00f3mo van\u00a0 a decir los seguidores de la lengua adoptada por Barak Obama que <strong>Influidor <\/strong>no es preferible al t\u00e9rmino ingl\u00e9s <strong><em>influencer<\/em><\/strong>. O que no suenan mejor i<em><strong>ndependiente<\/strong><\/em><strong><em>,<\/em><\/strong><strong><em>\u00a0<\/em><\/strong><em><strong>sorpresa<\/strong><\/em><strong><em>,<\/em><\/strong><strong><em>\u00a0<\/em><\/strong><em><strong>reci\u00e9n llegado, alternativo<\/strong><\/em><em>,<\/em><em>\u00a0<\/em><em><strong>externo<\/strong><\/em><em>, \u00a0<\/em>para sustituir al anglicismo<em><strong>\u00a0<\/strong><\/em><em><strong>outsider<\/strong><\/em><em>. O que <strong>comidista<\/strong> no tiene mejor sabor que <strong>foodie (o foody)<\/strong>, anglicismo informal con el que se alude a los aficionados a la comida y la cocina (1).<\/em><\/p>\n<p><em>Esos son solo unos escasos ejemplos sobre c\u00f3mo el idioma avanza, se trasforma y se alimenta de expresiones propias del espa\u00f1ol. Sin embargo, qui\u00e9n les dice a los reci\u00e9n egresados en econom\u00eda o en ingenier\u00eda de sistemas, o en comunicaci\u00f3n social, o en medicina, que se puede hablar sin tantas arandelas extranjeras.<\/em><\/p>\n<p><em>Los que no revuelven ingl\u00e9s con castellano, no es que est\u00e9n lejos de la globalizaci\u00f3n, lo que ocurre es que procuran depurar la lengua materna para mantener la unidad idiom\u00e1tica. As\u00ed deber\u00eda inculc\u00e1rseles a los ni\u00f1os en el jard\u00edn y la escuela, a los adolescentes en el colegio, a los j\u00f3venes en la universidad y a los adultos en la cotidianidad. <\/em><\/p>\n<p>Por ese apresuramiento de adoptar t\u00e9rminos a rajatabla, en uno de estos d\u00edas se escuchar\u00e1 que en la escuela habr\u00e1 izada de <strong><em>banner<\/em><\/strong><em>, <\/em>y los felices padres acudir\u00e1n al acontecimiento sin saber para qu\u00e9 los invitaron, porque a la salida est\u00e1 organizado el <em>affter<\/em> <em>parthy.<\/em><\/p>\n<p><strong><em>FUNDACI\u00d3N DEL ESPA\u00d1OL URGENTE (Fund\u00e9uBBVA)<\/em><\/strong><\/p>\n<p><strong>RAFAEL ANTONIO PAB\u00d3N<\/strong><\/p>\n<p><a href=\"mailto:rafaelpabon58@hotmail.com\"><strong>rafaelpabon58@hotmail.com<\/strong><\/a><\/p>\n<p><strong>Foto: <a href=\"http:\/\/www.cmhw.cu\">www.cmhw.cu<\/a><\/strong><\/p>\n<p><strong>\u00a0<\/strong> <\/p>\n","protected":false},"excerpt":{"rendered":"<p>C\u00daCUTA.- La conmemoraci\u00f3n del D\u00eda del Idioma era tan esperado en escuelas y colegios como la celebraci\u00f3n del D\u00eda de la Madre. Los profesores de espa\u00f1ol trazaban las actividades desde el comienzo del calendario acad\u00e9mico. Esa programaci\u00f3n inclu\u00eda poes\u00eda, danzas, dramatizados, canci\u00f3n y lectura. Los alumnos luc\u00edan el uniforme de gala y la jornada duraba &hellip;<\/p>\n","protected":false},"author":1,"featured_media":26693,"comment_status":"open","ping_status":"open","sticky":false,"template":"","format":"standard","meta":{"footnotes":""},"categories":[74,4,37],"tags":[2914,326],"class_list":["post-26692","post","type-post","status-publish","format-standard","has-post-thumbnail","hentry","category-aula-universitaria","category-barra","category-paseo-cultural","tag-23-de-abril","tag-dia-del-idioma"],"_links":{"self":[{"href":"https:\/\/contraluzcucuta.co\/index.php?rest_route=\/wp\/v2\/posts\/26692","targetHints":{"allow":["GET"]}}],"collection":[{"href":"https:\/\/contraluzcucuta.co\/index.php?rest_route=\/wp\/v2\/posts"}],"about":[{"href":"https:\/\/contraluzcucuta.co\/index.php?rest_route=\/wp\/v2\/types\/post"}],"author":[{"embeddable":true,"href":"https:\/\/contraluzcucuta.co\/index.php?rest_route=\/wp\/v2\/users\/1"}],"replies":[{"embeddable":true,"href":"https:\/\/contraluzcucuta.co\/index.php?rest_route=%2Fwp%2Fv2%2Fcomments&post=26692"}],"version-history":[{"count":1,"href":"https:\/\/contraluzcucuta.co\/index.php?rest_route=\/wp\/v2\/posts\/26692\/revisions"}],"predecessor-version":[{"id":26694,"href":"https:\/\/contraluzcucuta.co\/index.php?rest_route=\/wp\/v2\/posts\/26692\/revisions\/26694"}],"wp:featuredmedia":[{"embeddable":true,"href":"https:\/\/contraluzcucuta.co\/index.php?rest_route=\/wp\/v2\/media\/26693"}],"wp:attachment":[{"href":"https:\/\/contraluzcucuta.co\/index.php?rest_route=%2Fwp%2Fv2%2Fmedia&parent=26692"}],"wp:term":[{"taxonomy":"category","embeddable":true,"href":"https:\/\/contraluzcucuta.co\/index.php?rest_route=%2Fwp%2Fv2%2Fcategories&post=26692"},{"taxonomy":"post_tag","embeddable":true,"href":"https:\/\/contraluzcucuta.co\/index.php?rest_route=%2Fwp%2Fv2%2Ftags&post=26692"}],"curies":[{"name":"wp","href":"https:\/\/api.w.org\/{rel}","templated":true}]}}