{"id":26660,"date":"2016-04-17T18:17:44","date_gmt":"2016-04-17T23:17:44","guid":{"rendered":"http:\/\/contraluzcucuta.co\/?p=26660"},"modified":"2016-04-17T18:17:44","modified_gmt":"2016-04-17T23:17:44","slug":"olimpicos-rio-2016-jossimar-calvo-16-anos-de-carrera-deportiva","status":"publish","type":"post","link":"https:\/\/contraluzcucuta.co\/?p=26660","title":{"rendered":"OL\u00cdMPICOS R\u00cdO 2016. Jossimar Calvo, 16 a\u00f1os de carrera deportiva"},"content":{"rendered":"<p>La constancia, la dedicaci\u00f3n y el esfuerzo encontraron la recompensa el 16 de abril. Ese d\u00eda, Jossimar Calvo obtuvo un tiquete para la gimnasia colombiana en los Juegos Ol\u00edmpicos R\u00edo 2016 y se ratific\u00f3 como el mejor gimnasta del pa\u00eds.<\/p>\n<p>Tras la intervenci\u00f3n en el Torneo Preol\u00edmpico, donde alcanz\u00f3 el segundo lugar en la general individual, se dio paso al sue\u00f1o ol\u00edmpico. El cucute\u00f1o confirm\u00f3 el talento que lo ha potenciado ante el mundo por sus cualidades personales y deportivas, hasta superar momentos dif\u00edciles en los \u00faltimos meses.<\/p>\n<p>\u201cEra mi primera competencia del a\u00f1o. Estaba nervioso, sab\u00eda que no pod\u00eda cometer errores y di lo mejor. Intente hacer bien la rutina y gracias a Dios se dio el resultado\u201d, fueron las primeras palabras del dedicado, constante y disciplinado deportista que vibra al representar los colores de Colombia y de Norte de Santander.<\/p>\n<p><strong>Historia de un ganador de mente y coraz\u00f3n<\/strong><\/p>\n<p>Jossimar Calvo naci\u00f3 el 22 de julio de 1994. Empez\u00f3 en la gimnasia a los 5 a\u00f1os, luego de que su madre lo inscribiera en un curso al ver sus habilidades y gustos. Sorprendi\u00f3 por la flexibilidad y el talento naturales, porque nunca se hab\u00eda subido a un aparato. Posteriormente, conoci\u00f3 a Jairo Ruiz, quien se convirti\u00f3 en su mentor, lo puli\u00f3 y lo ha acompa\u00f1ado a lo largo de este recorrido cargado de grandes alegr\u00edas.<\/p>\n<p>La primera salida fue en 2001, en el Preinfantil e Infantil de Gimnasia Art\u00edstica en C\u00facuta. Se ubic\u00f3 en el cuarto lugar de la clasificaci\u00f3n individual. Un a\u00f1o m\u00e1s tarde, gan\u00f3 las primeras medallas de bronce en el Preinfantil e Infantil de Gimnasia Art\u00edstica en Medell\u00edn, \u00a0en suelo y barra fija.<\/p>\n<p>En 2005, obtuvo el primer oro de la carrera. Lo consigui\u00f3 en los Intercolegiados de Santiago de Cali, en piso; adem\u00e1s, gan\u00f3 plata en arzones, anillas, salto, barras paralelas, barra fija y general individual.<\/p>\n<p>En ese tiempo quiso ser futbolista. Jugaba como volante por la franja izquierda, su \u00eddolo era el delantero brasile\u00f1o Ronaldo, y perteneci\u00f3 a un equipo aficionado de Norte de Santander. Sin embargo, predomin\u00f3 el talento para la gimnasia.<\/p>\n<p>En 2006, asisti\u00f3 a su primera experiencia internacional. Ocurri\u00f3 en el Suramericano Infantil de Guayaquil (Ecuador). Gan\u00f3 medallas de oro, plata y bronce. El primer evento deportivo correspondiente al Ciclo Ol\u00edmpico en el que particip\u00f3, tuvo como sede a Mayag\u00fcez (Puerto Rico), en 2010. En los Juegos Centroamericanos y del Caribe se colg\u00f3 la medalla de bronce por equipos.<\/p>\n<p>En los Panamericanos de Guadalajara (M\u00e9xico), en 2011, Jossimar Calvo pas\u00f3 a la historia del deporte colombiano, por la medalla de oro que conquist\u00f3 en la general individual, convirti\u00e9ndose en el primer colombiano en subir a lo m\u00e1s alto del p\u00f3dium en la gimnasia art\u00edstica continental.<\/p>\n<p>En 2013, de nuevo inscribi\u00f3 su nombre con letras doradas\u00a0 en la gimnasia colombiana. En la Parada Mundial disputada en Ljubjlana (Eslovenia) se alz\u00f3 con el oro en barras paralelas. Ese fue el primer triunfo de un nacional en este certamen.<\/p>\n<p>En dos ocasiones ha sido el rey de los Juegos Nacionales, en las ediciones de 2012 y 2015. En la primera cita conquist\u00f3 siete medallas de oro. En la segunda, alcanz\u00f3 la misma cifra en lauros dorados, adem\u00e1s de acumular una medalla de plata.<\/p>\n<p>Algunos otros datos de una figura colombiana rumbo a R\u00edo 2016 son los siguientes:<\/p>\n<p>1.- Por su m\u00e9rito y momento rumbo a R\u00edo de Janeiro, Jossimar Calvo ser\u00e1 el segundo gimnasta colombiano en la justa deportiva m\u00e1s grande del planeta en la historia.<\/p>\n<p>2.- Hasta la fecha el \u00fanico ha sido Jorge Hugo Giraldo, quien estuvo en Atenas 2004, Beijing 2008 y Londres 2012.<\/p>\n<p>3.- 194 medallas ha conquistado Jossimar Calvo en su carrera deportiva.<\/p>\n<p>4.- Es el mejor de las barras paralelas en el mundo.<\/p>\n<p>5.- Figura como el m\u00e1ximo medallista de Colombia en los Juegos Panamericanos.<\/p>\n<p>6.- Fue elegido por el p\u00fablico como el Deportista\u00a0 del A\u00f1o 2015 para El Espectador y por la prensa deportiva Acord.<\/p>\n<p><strong>JUAN CARLOS SALAZAR<\/strong><\/p>\n<p><strong><a href=\"mailto:juank911m@hotmail.com\">juank911m@hotmail.com<\/a><\/strong><\/p>\n<p><strong>Foto: sigat.coc.org.co<\/strong><\/p>\n<p>&nbsp;<\/p>\n<p>&nbsp; <\/p>\n","protected":false},"excerpt":{"rendered":"<p>La constancia, la dedicaci\u00f3n y el esfuerzo encontraron la recompensa el 16 de abril. Ese d\u00eda, Jossimar Calvo obtuvo un tiquete para la gimnasia colombiana en los Juegos Ol\u00edmpicos R\u00edo 2016 y se ratific\u00f3 como el mejor gimnasta del pa\u00eds. Tras la intervenci\u00f3n en el Torneo Preol\u00edmpico, donde alcanz\u00f3 el segundo lugar en la general &hellip;<\/p>\n","protected":false},"author":1,"featured_media":26661,"comment_status":"open","ping_status":"open","sticky":false,"template":"","format":"standard","meta":{"footnotes":""},"categories":[4,28],"tags":[1605,639,2132,2905],"class_list":["post-26660","post","type-post","status-publish","format-standard","has-post-thumbnail","hentry","category-barra","category-vistazo-deportivo","tag-gimnasia-de-norte-de-santander","tag-jossimar-calvo","tag-liga-de-gimnasia-de-norte-de-santander","tag-olimpicos-rio-2016"],"_links":{"self":[{"href":"https:\/\/contraluzcucuta.co\/index.php?rest_route=\/wp\/v2\/posts\/26660","targetHints":{"allow":["GET"]}}],"collection":[{"href":"https:\/\/contraluzcucuta.co\/index.php?rest_route=\/wp\/v2\/posts"}],"about":[{"href":"https:\/\/contraluzcucuta.co\/index.php?rest_route=\/wp\/v2\/types\/post"}],"author":[{"embeddable":true,"href":"https:\/\/contraluzcucuta.co\/index.php?rest_route=\/wp\/v2\/users\/1"}],"replies":[{"embeddable":true,"href":"https:\/\/contraluzcucuta.co\/index.php?rest_route=%2Fwp%2Fv2%2Fcomments&post=26660"}],"version-history":[{"count":1,"href":"https:\/\/contraluzcucuta.co\/index.php?rest_route=\/wp\/v2\/posts\/26660\/revisions"}],"predecessor-version":[{"id":26662,"href":"https:\/\/contraluzcucuta.co\/index.php?rest_route=\/wp\/v2\/posts\/26660\/revisions\/26662"}],"wp:featuredmedia":[{"embeddable":true,"href":"https:\/\/contraluzcucuta.co\/index.php?rest_route=\/wp\/v2\/media\/26661"}],"wp:attachment":[{"href":"https:\/\/contraluzcucuta.co\/index.php?rest_route=%2Fwp%2Fv2%2Fmedia&parent=26660"}],"wp:term":[{"taxonomy":"category","embeddable":true,"href":"https:\/\/contraluzcucuta.co\/index.php?rest_route=%2Fwp%2Fv2%2Fcategories&post=26660"},{"taxonomy":"post_tag","embeddable":true,"href":"https:\/\/contraluzcucuta.co\/index.php?rest_route=%2Fwp%2Fv2%2Ftags&post=26660"}],"curies":[{"name":"wp","href":"https:\/\/api.w.org\/{rel}","templated":true}]}}