{"id":26650,"date":"2016-04-16T15:33:47","date_gmt":"2016-04-16T20:33:47","guid":{"rendered":"http:\/\/contraluzcucuta.co\/?p=26650"},"modified":"2016-04-16T15:33:47","modified_gmt":"2016-04-16T20:33:47","slug":"notas-al-margen-pese-todo-todavia-se-puede-hacer-mucho","status":"publish","type":"post","link":"https:\/\/contraluzcucuta.co\/?p=26650","title":{"rendered":"NOTAS AL MARGEN. Pese a todo, todav\u00eda se puede hacer mucho"},"content":{"rendered":"<p>1.- Mientras la gente colombo-venezolana,\u00a0 ubicada en la faja territorial lim\u00edtrofe, esperan unas actitudes y conductas que sean acordes y estimulantes para el desarrollo de todo lo que se ha sugerido y propuesto, los poderes y entidades centrales de las dos naciones desatienden los llamados de miles de hombres y mujeres, ahora acosados por el cierre unilateral de la frontera y la presi\u00f3n de los \u00edndices de informalidad y desempleo, ante la disminuci\u00f3n de las movilizaciones y la afecci\u00f3n notoria y evidente de los desenvolvimientos comerciales y la carencia de acciones compartidas y transformadoras que canalicen\u00a0 y proyecten inversiones \u00a0hacia el aprovechamiento de ventajas comparativas y de una ubicaci\u00f3n geoestrat\u00e9gica de primer orden para proyectar\u00a0 empe\u00f1os y una visi\u00f3n de futuro, sobre perspectivas internacionales que bien podr\u00edan ser adoptadas mediante pol\u00edticas e incentivos concertados que permitan superar\u00a0 las permanentes pr\u00f3rrogas\u00a0 y demoras que tienen\u00a0 detenido y en suspenso \u00a0las inmensas opciones que pueden cumplirse en el\u00a0 suroccidente venezolano y el nororiente colombiano.<\/p>\n<p>2.- Es lamentable una situaci\u00f3n como la expuesta, porque hay productos, \u00e1reas y zonas de privilegiada perspectiva\u00a0 &#8211; distintas a las petroleras existentes &#8211; que con asistencias y ayudas bien enfocadas\u00a0 y orientadas podr\u00edan generar \u00a0empleos e ingresos de primer\u00edsima importancia que podr\u00edan constituirse en los auxiliares para los mejoramientos de la infraestructura b\u00e1sica, los servicios prioritarios, junto a la investigaci\u00f3n, la innovaci\u00f3n y la capacitaci\u00f3n que es indispensable\u00a0 cumplir en toda la estructura\u00a0 vivencial, funcional y operativa, en ese gran marco que sintetiza y evidencia\u00a0 a la regi\u00f3n binacional fronteriza. Iniciativa que ha dado origen a actas y encuentros presidenciales, ministeriales y de planeaci\u00f3n, pero sin que afloren los acuerdos y las decisiones pragm\u00e1ticas y eficaces que permitan el giro y el cambio hacia algo que valore e identifique m\u00e1s el significado y el alcance de dos econom\u00edas y sociedades, que hace m\u00e1s de 200 a\u00f1os plantean la uni\u00f3n, uni\u00f3n, uni\u00f3n, como \u00a0proyecto e ideario pol\u00edticos sin que surjan los actores y sus fundamentos \u00a0que validen y den vigencia a estos prospectos.<\/p>\n<p>3.- Creer que no se puede hablar de estas tem\u00e1ticas, ni buscar salidas de esta importancia, porque el ambiente est\u00e1 agitado y congestionado, es obrar negativamente y\u00a0 no comprender, ni profundizar en los vac\u00edos y las fallas que se han cometido en la formulaci\u00f3n, estructuraci\u00f3n y cumplimiento de aut\u00e9nticas y verdaderas pol\u00edticas de Estado, que comprometan los principios y los anhelos que dieron origen a la independencia e integraci\u00f3n que todav\u00eda viven y se sienten, en el esp\u00edritu y esencia de los dos pueblos hermanos, que, adem\u00e1s, conformaron una Patria Com\u00fan al compartir ideales y prop\u00f3sitos.<\/p>\n<p>S\u00ed, pese a todo, todav\u00eda se puede hacer mucho, porque lo que falta es una visi\u00f3n de conjunto realista, constructiva y futurista.<\/p>\n<p><strong>JOS\u00c9 NEIRA REY<\/strong><\/p>\n<p><strong><a href=\"mailto:jneirarey@hotmail.com\">jneirarey@hotmail.com<\/a><\/strong><\/p>\n<p><strong>Foto: www.taringa.net<\/strong> <\/p>\n","protected":false},"excerpt":{"rendered":"<p>1.- Mientras la gente colombo-venezolana,\u00a0 ubicada en la faja territorial lim\u00edtrofe, esperan unas actitudes y conductas que sean acordes y estimulantes para el desarrollo de todo lo que se ha sugerido y propuesto, los poderes y entidades centrales de las dos naciones desatienden los llamados de miles de hombres y mujeres, ahora acosados por el &hellip;<\/p>\n","protected":false},"author":1,"featured_media":26651,"comment_status":"open","ping_status":"open","sticky":false,"template":"","format":"standard","meta":{"footnotes":""},"categories":[14,4],"tags":[1760,382,956],"class_list":["post-26650","post","type-post","status-publish","format-standard","has-post-thumbnail","hentry","category-articulistas","category-barra","tag-articulistas-2","tag-jose-neira","tag-notas-al-margen"],"_links":{"self":[{"href":"https:\/\/contraluzcucuta.co\/index.php?rest_route=\/wp\/v2\/posts\/26650","targetHints":{"allow":["GET"]}}],"collection":[{"href":"https:\/\/contraluzcucuta.co\/index.php?rest_route=\/wp\/v2\/posts"}],"about":[{"href":"https:\/\/contraluzcucuta.co\/index.php?rest_route=\/wp\/v2\/types\/post"}],"author":[{"embeddable":true,"href":"https:\/\/contraluzcucuta.co\/index.php?rest_route=\/wp\/v2\/users\/1"}],"replies":[{"embeddable":true,"href":"https:\/\/contraluzcucuta.co\/index.php?rest_route=%2Fwp%2Fv2%2Fcomments&post=26650"}],"version-history":[{"count":1,"href":"https:\/\/contraluzcucuta.co\/index.php?rest_route=\/wp\/v2\/posts\/26650\/revisions"}],"predecessor-version":[{"id":26652,"href":"https:\/\/contraluzcucuta.co\/index.php?rest_route=\/wp\/v2\/posts\/26650\/revisions\/26652"}],"wp:featuredmedia":[{"embeddable":true,"href":"https:\/\/contraluzcucuta.co\/index.php?rest_route=\/wp\/v2\/media\/26651"}],"wp:attachment":[{"href":"https:\/\/contraluzcucuta.co\/index.php?rest_route=%2Fwp%2Fv2%2Fmedia&parent=26650"}],"wp:term":[{"taxonomy":"category","embeddable":true,"href":"https:\/\/contraluzcucuta.co\/index.php?rest_route=%2Fwp%2Fv2%2Fcategories&post=26650"},{"taxonomy":"post_tag","embeddable":true,"href":"https:\/\/contraluzcucuta.co\/index.php?rest_route=%2Fwp%2Fv2%2Ftags&post=26650"}],"curies":[{"name":"wp","href":"https:\/\/api.w.org\/{rel}","templated":true}]}}