{"id":26641,"date":"2016-04-15T22:27:00","date_gmt":"2016-04-16T03:27:00","guid":{"rendered":"http:\/\/contraluzcucuta.co\/?p=26641"},"modified":"2016-04-15T22:27:00","modified_gmt":"2016-04-16T03:27:00","slug":"ascenso-institucional-policia-reconoce-labor-de-273-uniformados","status":"publish","type":"post","link":"https:\/\/contraluzcucuta.co\/?p=26641","title":{"rendered":"ASCENSO INSTITUCIONAL. Polic\u00eda reconoce labor de 273 uniformados"},"content":{"rendered":"<p><strong>C\u00daCUTA.-<\/strong> Suboficiales y ejecutivos que prestan servicio en la Regi\u00f3n de Polic\u00eda 5, la Polic\u00eda Metropolitana de C\u00facuta y el Departamento de Polic\u00eda Norte de Santander recibieron ascenso. Teniendo en cuenta las necesidades y prioridades institucionales, la direcci\u00f3n general reconoci\u00f3 y exalt\u00f3 la labor prestada por 273 uniformados.<\/p>\n<p>Luego de cumplir con los programas acad\u00e9micos establecidos y de desarrollar \u00e9ticamente la misi\u00f3n encomendada en la Constituci\u00f3n Nacional, los ascendidos participaron en la ceremonia, en la Plaza de Armas del Comando de Polic\u00eda San Mateo.<\/p>\n<p>Los homenajeados recibieron las jinetas que representan su nuevo grado y las nuevas responsabilidades que asumen al servicio de la comunidad.<\/p>\n<p>1.- 57 patrulleros quienes recibieron el grado de subintendentes<\/p>\n<p>2.- 177 subintendentes se convirtieron en intendentes<\/p>\n<p>3.- 19 intendentes pasaron a intendentes jefes<\/p>\n<p>4.- 2 intendentes jefes que ascendieron a subcomisarios.<\/p>\n<p>Al acto asistieron representantes de las autoridades pol\u00edtico-administrativas y eclesi\u00e1sticas de la regi\u00f3n; el general Jaime Vega \u00c1lvarez, comandante de la Regi\u00f3n 5; los coroneles Jaime Barrera, comandante de la Polic\u00eda Metropolitana de C\u00facuta, y Jhon Jairo Aroca, comandante Departamento de Polic\u00eda Norte de Santander, invitados y familiares de los ascendidos.<\/p>\n<p>La sargento mayor Roc\u00edo Yara \u00c1lvarez\u00a0 recibi\u00f3 la medalla \u2018Roberto Pineda Castillo\u2019, por el compromiso a favor de la comunidad. El personal ascendido continuar\u00e1 con el acompa\u00f1amiento a las comunidades donde prestan servicios, con el objetivo de garantizar el desarrollo de espacios seguros y en convivencia.<\/p>\n<p><strong>Foto: PRENSA MECUC<\/strong><\/p>\n<p>&nbsp;<\/p>\n<p>&nbsp; <\/p>\n","protected":false},"excerpt":{"rendered":"<p>C\u00daCUTA.- Suboficiales y ejecutivos que prestan servicio en la Regi\u00f3n de Polic\u00eda 5, la Polic\u00eda Metropolitana de C\u00facuta y el Departamento de Polic\u00eda Norte de Santander recibieron ascenso. Teniendo en cuenta las necesidades y prioridades institucionales, la direcci\u00f3n general reconoci\u00f3 y exalt\u00f3 la labor prestada por 273 uniformados. Luego de cumplir con los programas acad\u00e9micos &hellip;<\/p>\n","protected":false},"author":1,"featured_media":26642,"comment_status":"open","ping_status":"open","sticky":false,"template":"","format":"standard","meta":{"footnotes":""},"categories":[11],"tags":[323,293],"class_list":["post-26641","post","type-post","status-publish","format-standard","has-post-thumbnail","hentry","category-cronica-roja","tag-mecuc","tag-policia-metropolitana-de-cucuta"],"_links":{"self":[{"href":"https:\/\/contraluzcucuta.co\/index.php?rest_route=\/wp\/v2\/posts\/26641","targetHints":{"allow":["GET"]}}],"collection":[{"href":"https:\/\/contraluzcucuta.co\/index.php?rest_route=\/wp\/v2\/posts"}],"about":[{"href":"https:\/\/contraluzcucuta.co\/index.php?rest_route=\/wp\/v2\/types\/post"}],"author":[{"embeddable":true,"href":"https:\/\/contraluzcucuta.co\/index.php?rest_route=\/wp\/v2\/users\/1"}],"replies":[{"embeddable":true,"href":"https:\/\/contraluzcucuta.co\/index.php?rest_route=%2Fwp%2Fv2%2Fcomments&post=26641"}],"version-history":[{"count":1,"href":"https:\/\/contraluzcucuta.co\/index.php?rest_route=\/wp\/v2\/posts\/26641\/revisions"}],"predecessor-version":[{"id":26643,"href":"https:\/\/contraluzcucuta.co\/index.php?rest_route=\/wp\/v2\/posts\/26641\/revisions\/26643"}],"wp:featuredmedia":[{"embeddable":true,"href":"https:\/\/contraluzcucuta.co\/index.php?rest_route=\/wp\/v2\/media\/26642"}],"wp:attachment":[{"href":"https:\/\/contraluzcucuta.co\/index.php?rest_route=%2Fwp%2Fv2%2Fmedia&parent=26641"}],"wp:term":[{"taxonomy":"category","embeddable":true,"href":"https:\/\/contraluzcucuta.co\/index.php?rest_route=%2Fwp%2Fv2%2Fcategories&post=26641"},{"taxonomy":"post_tag","embeddable":true,"href":"https:\/\/contraluzcucuta.co\/index.php?rest_route=%2Fwp%2Fv2%2Ftags&post=26641"}],"curies":[{"name":"wp","href":"https:\/\/api.w.org\/{rel}","templated":true}]}}