{"id":26638,"date":"2016-04-15T15:20:59","date_gmt":"2016-04-15T20:20:59","guid":{"rendered":"http:\/\/contraluzcucuta.co\/?p=26638"},"modified":"2016-04-15T15:20:59","modified_gmt":"2016-04-15T20:20:59","slug":"patrimonio-cultural-escudo-protector-para-conservacion-y-memoria-historica","status":"publish","type":"post","link":"https:\/\/contraluzcucuta.co\/?p=26638","title":{"rendered":"PATRIMONIO CULTURAL. Escudo protector para conservaci\u00f3n y memoria hist\u00f3rica"},"content":{"rendered":"<p><strong>C\u00daCUTA.-<\/strong> Las 40 alcald\u00edas de Norte de Santander tendr\u00e1n hasta el 10 de junio para presentar proyectos de conservaci\u00f3n, protecci\u00f3n, promoci\u00f3n y difusi\u00f3n del patrimonio cultural. La Secretar\u00eda de Cultura abri\u00f3 la convocatoria para preservar las piezas que sirvan como memoria hist\u00f3rica en la regi\u00f3n.<\/p>\n<p>La iniciativa cuenta con una inversi\u00f3n de $ 2000 millones para apoyo a programas de fomento, promoci\u00f3n y desarrollo de la cultura y la actividad art\u00edstica colombiana. Est\u00e1 dirigida a entidades territoriales de car\u00e1cter municipal del departamento.<\/p>\n<p>El objetivo es conformar un banco de proyectos de patrimonio que sean elegibles en los procesos de asignaci\u00f3n de recursos provenientes del Impuesto Nacional al Consumo (INC), y a la telefon\u00eda m\u00f3vil para 2016.<\/p>\n<p>Los proyectos deber\u00e1n ser presentados teniendo en cuenta estos lineamientos del Ministerio de Cultura:<\/p>\n<p>1.- El desarrollo de\u00a0 inventarios y registros del patrimonio cultural.<\/p>\n<p>2.- Programas relacionados con la protecci\u00f3n, promoci\u00f3n y difusi\u00f3n del patrimonio, por medio de campa\u00f1as de prevenci\u00f3n, sensibilizaci\u00f3n y educaci\u00f3n.<\/p>\n<p>3.- El apoyo a la formulaci\u00f3n de los Planes Especiales de Manejo y Protecci\u00f3n.<\/p>\n<p>4.- El incentivo a la formulaci\u00f3n y puesta en marcha de Planes Especiales de Salvaguardia del patrimonio cultural inmaterial.<\/p>\n<p>5.- El desarrollo de actividades de conservaci\u00f3n, mantenimiento peri\u00f3dico e intervenci\u00f3n de bienes de inter\u00e9s cultural.<\/p>\n<p>6.- El fortalecimiento de museos, archivos, bibliotecas y centros de memoria locales.<\/p>\n<p>7.- Los programas de gestores y creadores culturales con discapacidad, y las actividades declaradas como Patrimonio Cultural Inmaterial de la Humanidad por la Unesco.<\/p>\n<p>Los municipios tienen igualdad de garant\u00edas para acceder a los recursos al presentar los proyectos, junto al formato establecido por el Ministerio de Cultura.<\/p>\n<p><strong>Foto: PRENSA GOBERNACI\u00d3N<\/strong><\/p>\n<p>&nbsp; <\/p>\n","protected":false},"excerpt":{"rendered":"<p>C\u00daCUTA.- Las 40 alcald\u00edas de Norte de Santander tendr\u00e1n hasta el 10 de junio para presentar proyectos de conservaci\u00f3n, protecci\u00f3n, promoci\u00f3n y difusi\u00f3n del patrimonio cultural. La Secretar\u00eda de Cultura abri\u00f3 la convocatoria para preservar las piezas que sirvan como memoria hist\u00f3rica en la regi\u00f3n. La iniciativa cuenta con una inversi\u00f3n de $ 2000 millones &hellip;<\/p>\n","protected":false},"author":1,"featured_media":26639,"comment_status":"open","ping_status":"open","sticky":false,"template":"","format":"standard","meta":{"footnotes":""},"categories":[45],"tags":[2903,2658,2891],"class_list":["post-26638","post","type-post","status-publish","format-standard","has-post-thumbnail","hentry","category-destacado","tag-memoria-historica","tag-patrimonio-historico","tag-secretaria-de-cultura-de-norte-de-santander"],"_links":{"self":[{"href":"https:\/\/contraluzcucuta.co\/index.php?rest_route=\/wp\/v2\/posts\/26638","targetHints":{"allow":["GET"]}}],"collection":[{"href":"https:\/\/contraluzcucuta.co\/index.php?rest_route=\/wp\/v2\/posts"}],"about":[{"href":"https:\/\/contraluzcucuta.co\/index.php?rest_route=\/wp\/v2\/types\/post"}],"author":[{"embeddable":true,"href":"https:\/\/contraluzcucuta.co\/index.php?rest_route=\/wp\/v2\/users\/1"}],"replies":[{"embeddable":true,"href":"https:\/\/contraluzcucuta.co\/index.php?rest_route=%2Fwp%2Fv2%2Fcomments&post=26638"}],"version-history":[{"count":1,"href":"https:\/\/contraluzcucuta.co\/index.php?rest_route=\/wp\/v2\/posts\/26638\/revisions"}],"predecessor-version":[{"id":26640,"href":"https:\/\/contraluzcucuta.co\/index.php?rest_route=\/wp\/v2\/posts\/26638\/revisions\/26640"}],"wp:featuredmedia":[{"embeddable":true,"href":"https:\/\/contraluzcucuta.co\/index.php?rest_route=\/wp\/v2\/media\/26639"}],"wp:attachment":[{"href":"https:\/\/contraluzcucuta.co\/index.php?rest_route=%2Fwp%2Fv2%2Fmedia&parent=26638"}],"wp:term":[{"taxonomy":"category","embeddable":true,"href":"https:\/\/contraluzcucuta.co\/index.php?rest_route=%2Fwp%2Fv2%2Fcategories&post=26638"},{"taxonomy":"post_tag","embeddable":true,"href":"https:\/\/contraluzcucuta.co\/index.php?rest_route=%2Fwp%2Fv2%2Ftags&post=26638"}],"curies":[{"name":"wp","href":"https:\/\/api.w.org\/{rel}","templated":true}]}}