{"id":26632,"date":"2016-04-15T14:27:47","date_gmt":"2016-04-15T19:27:47","guid":{"rendered":"http:\/\/contraluzcucuta.co\/?p=26632"},"modified":"2016-04-15T14:27:47","modified_gmt":"2016-04-15T19:27:47","slug":"secretaria-de-equidad-dia-del-nino-celebracion-en-cinco-puntos-de-cucuta","status":"publish","type":"post","link":"https:\/\/contraluzcucuta.co\/?p=26632","title":{"rendered":"SECRETAR\u00cdA DE EQUIDAD. D\u00eda del Ni\u00f1o, celebraci\u00f3n en cinco puntos de C\u00facuta"},"content":{"rendered":"<p><strong>C\u00daCUTA.-<\/strong> La celebraci\u00f3n del D\u00eda del Ni\u00f1o, el 30 de abril, se llevar\u00e1 a cabo en cinco puntos principales de la ciudad. As\u00ed lo determin\u00f3 la Alcald\u00eda de C\u00facuta para desarrollar actividades l\u00fadicas, recreativas y culturales. Uno de los sitios escogidos es el Estadio Centenario de Atletismo, en la Ciudadela Juan Atalaya.<\/p>\n<p>La jornada ser\u00e1 de 3:00 a 6:00 de la tarde y estar\u00e1 a cargo de las secretar\u00edas de Equidad de G\u00e9nero, Infraestructura y Tr\u00e1nsito y Transporte; Banco del Progreso, Centro Tecnol\u00f3gico, Departamento Administrativo de Planeaci\u00f3n y M\u00e1s Familias en Acci\u00f3n.<\/p>\n<p>Las actividades se regir\u00e1n por el documento \u2018Br\u00fajula 2016\u2019, creado por la ONG Corporaci\u00f3n Juego y ni\u00f1ez. Se busca homenajear a los ni\u00f1os mediante juegos did\u00e1cticos y tradicionales. La idea es crear conciencia en los padres de familia e incluir\u00a0 a\u00a0 los menores en el entorno familiar.<\/p>\n<p>Adem\u00e1s del Estadio Centenario la celebraci\u00f3n se efectuar\u00e1 en los barrios La Libertad, Aeropuerto y Bel\u00e9n, y El Malec\u00f3n, en simult\u00e1nea. Se llevar\u00e1n a cabo competencias de trompo, ula ula, domin\u00f3, lazo y otras l\u00fadicas, \u00a0actividades f\u00edsicas, musicalizadas, brinki brinki, payasos, refrigerios y sorpresas.<\/p>\n<p>El alcalde C\u00e9sar Rojas encabezar\u00e1 los actos y estar\u00e1 junto a funcionarios municipales,\u00a0 Polic\u00eda, Defensa Civil, Bomberos, IMRD y Secretar\u00eda de Cultura y Turismo.<\/p>\n<p><strong>Foto: PRENSA ALCALD\u00cdA<\/strong><\/p>\n<p>&nbsp; <\/p>\n","protected":false},"excerpt":{"rendered":"<p>C\u00daCUTA.- La celebraci\u00f3n del D\u00eda del Ni\u00f1o, el 30 de abril, se llevar\u00e1 a cabo en cinco puntos principales de la ciudad. As\u00ed lo determin\u00f3 la Alcald\u00eda de C\u00facuta para desarrollar actividades l\u00fadicas, recreativas y culturales. Uno de los sitios escogidos es el Estadio Centenario de Atletismo, en la Ciudadela Juan Atalaya. La jornada ser\u00e1 &hellip;<\/p>\n","protected":false},"author":1,"featured_media":26633,"comment_status":"open","ping_status":"open","sticky":false,"template":"","format":"standard","meta":{"footnotes":""},"categories":[2625],"tags":[226,2626,2186],"class_list":["post-26632","post","type-post","status-publish","format-standard","has-post-thumbnail","hentry","category-alcaldia-de-cucuta","tag-alcaldia-de-cucuta","tag-cesar-rojas-alcalde","tag-dia-del-nino-en-cucuta"],"_links":{"self":[{"href":"https:\/\/contraluzcucuta.co\/index.php?rest_route=\/wp\/v2\/posts\/26632","targetHints":{"allow":["GET"]}}],"collection":[{"href":"https:\/\/contraluzcucuta.co\/index.php?rest_route=\/wp\/v2\/posts"}],"about":[{"href":"https:\/\/contraluzcucuta.co\/index.php?rest_route=\/wp\/v2\/types\/post"}],"author":[{"embeddable":true,"href":"https:\/\/contraluzcucuta.co\/index.php?rest_route=\/wp\/v2\/users\/1"}],"replies":[{"embeddable":true,"href":"https:\/\/contraluzcucuta.co\/index.php?rest_route=%2Fwp%2Fv2%2Fcomments&post=26632"}],"version-history":[{"count":1,"href":"https:\/\/contraluzcucuta.co\/index.php?rest_route=\/wp\/v2\/posts\/26632\/revisions"}],"predecessor-version":[{"id":26634,"href":"https:\/\/contraluzcucuta.co\/index.php?rest_route=\/wp\/v2\/posts\/26632\/revisions\/26634"}],"wp:featuredmedia":[{"embeddable":true,"href":"https:\/\/contraluzcucuta.co\/index.php?rest_route=\/wp\/v2\/media\/26633"}],"wp:attachment":[{"href":"https:\/\/contraluzcucuta.co\/index.php?rest_route=%2Fwp%2Fv2%2Fmedia&parent=26632"}],"wp:term":[{"taxonomy":"category","embeddable":true,"href":"https:\/\/contraluzcucuta.co\/index.php?rest_route=%2Fwp%2Fv2%2Fcategories&post=26632"},{"taxonomy":"post_tag","embeddable":true,"href":"https:\/\/contraluzcucuta.co\/index.php?rest_route=%2Fwp%2Fv2%2Ftags&post=26632"}],"curies":[{"name":"wp","href":"https:\/\/api.w.org\/{rel}","templated":true}]}}