{"id":26629,"date":"2016-04-15T14:07:03","date_gmt":"2016-04-15T19:07:03","guid":{"rendered":"http:\/\/contraluzcucuta.co\/?p=26629"},"modified":"2016-04-15T14:07:03","modified_gmt":"2016-04-15T19:07:03","slug":"ciencia-y-tecnologia-alumnos-del-colegio-provincial-participaron-en-proyecto-enjambre","status":"publish","type":"post","link":"https:\/\/contraluzcucuta.co\/?p=26629","title":{"rendered":"CIENCIA Y TECNOLOG\u00cdA. Alumnos del colegio Provincial participaron en Feria de Colciencias"},"content":{"rendered":"<p><strong>C\u00daCUTA.-<\/strong> Estudiantes del colegio Provincial de Pamplona participaron en la Feria Internacional de Colciencias, que se desarrolla, desde el 12 de abril, en Manizales. Los acompa\u00f1a el docente Justo Adelfo Vera Su\u00e1rez.<\/p>\n<p>La iniciativa educativa de los j\u00f3venes se present\u00f3 en el \u2018Proyecto Enjambre\u2019, liderado por la Secretar\u00eda de las Tecnolog\u00edas de la Informaci\u00f3n y las Comunicaciones (TIC) de Norte de Santander. La herramienta tecnol\u00f3gica e investigativa est\u00e1 apoyada por la Corporaci\u00f3n Unificada Nacional de Educaci\u00f3n Superior (CUN) y la Universidad Francisco de Paula Santander.<\/p>\n<p>En el primer d\u00eda, los nortesantandereanos vivieron un encuentro de biodiversidad cultural y ambiental, en compa\u00f1\u00eda de los participantes de las diferentes delegaciones nacionales e internacionales que tambi\u00e9n llegaron a la capital caldense.<\/p>\n<p>Representantes de Bolivia, Brasil, Uruguay, Paraguay, Per\u00fa, Ecuador, Guyana, Chile y Colombia gozaron una experiencia de conectividad mediante acciones e intercambio de saberes y formaci\u00f3n experimental en Ciencias, Tecnolog\u00eda e Innovaci\u00f3n.<\/p>\n<p>Los alumnos del Provincial recorrieron la Reserva Ecol\u00f3gica R\u00edo Blanco, y conocieron diferentes clases de p\u00e1jaros end\u00e9micos, colibr\u00edes y un sin n\u00famero de especies nativas de flora y fauna.<\/p>\n<p>En el parque ecol\u00f3gico se desarrollaron charlas sobre cuidados y uso de las reservas hidrogr\u00e1ficas que surten los acueductos de toda la poblaci\u00f3n manizale\u00f1a. La jornada culmin\u00f3 con la conferencia del expedicionario Charles Brewes. El venezolano comparti\u00f3 vivencias y experiencias recopiladas en las enormes cuevas Guyana durante cuatro a\u00f1os.<\/p>\n<p><strong>Foto: PRENSA GOBERNACI\u00d3N<\/strong><\/p>\n<p>&nbsp;<\/p>\n<p>&nbsp; <\/p>\n","protected":false},"excerpt":{"rendered":"<p>C\u00daCUTA.- Estudiantes del colegio Provincial de Pamplona participaron en la Feria Internacional de Colciencias, que se desarrolla, desde el 12 de abril, en Manizales. Los acompa\u00f1a el docente Justo Adelfo Vera Su\u00e1rez. La iniciativa educativa de los j\u00f3venes se present\u00f3 en el \u2018Proyecto Enjambre\u2019, liderado por la Secretar\u00eda de las Tecnolog\u00edas de la Informaci\u00f3n y &hellip;<\/p>\n","protected":false},"author":1,"featured_media":26630,"comment_status":"open","ping_status":"open","sticky":false,"template":"","format":"standard","meta":{"footnotes":""},"categories":[74],"tags":[2899,2900],"class_list":["post-26629","post","type-post","status-publish","format-standard","has-post-thumbnail","hentry","category-aula-universitaria","tag-colegio-provincial-de-pamplona","tag-feria-internacional-de-colciencias"],"_links":{"self":[{"href":"https:\/\/contraluzcucuta.co\/index.php?rest_route=\/wp\/v2\/posts\/26629","targetHints":{"allow":["GET"]}}],"collection":[{"href":"https:\/\/contraluzcucuta.co\/index.php?rest_route=\/wp\/v2\/posts"}],"about":[{"href":"https:\/\/contraluzcucuta.co\/index.php?rest_route=\/wp\/v2\/types\/post"}],"author":[{"embeddable":true,"href":"https:\/\/contraluzcucuta.co\/index.php?rest_route=\/wp\/v2\/users\/1"}],"replies":[{"embeddable":true,"href":"https:\/\/contraluzcucuta.co\/index.php?rest_route=%2Fwp%2Fv2%2Fcomments&post=26629"}],"version-history":[{"count":1,"href":"https:\/\/contraluzcucuta.co\/index.php?rest_route=\/wp\/v2\/posts\/26629\/revisions"}],"predecessor-version":[{"id":26631,"href":"https:\/\/contraluzcucuta.co\/index.php?rest_route=\/wp\/v2\/posts\/26629\/revisions\/26631"}],"wp:featuredmedia":[{"embeddable":true,"href":"https:\/\/contraluzcucuta.co\/index.php?rest_route=\/wp\/v2\/media\/26630"}],"wp:attachment":[{"href":"https:\/\/contraluzcucuta.co\/index.php?rest_route=%2Fwp%2Fv2%2Fmedia&parent=26629"}],"wp:term":[{"taxonomy":"category","embeddable":true,"href":"https:\/\/contraluzcucuta.co\/index.php?rest_route=%2Fwp%2Fv2%2Fcategories&post=26629"},{"taxonomy":"post_tag","embeddable":true,"href":"https:\/\/contraluzcucuta.co\/index.php?rest_route=%2Fwp%2Fv2%2Ftags&post=26629"}],"curies":[{"name":"wp","href":"https:\/\/api.w.org\/{rel}","templated":true}]}}