{"id":26626,"date":"2016-04-15T13:43:26","date_gmt":"2016-04-15T18:43:26","guid":{"rendered":"http:\/\/contraluzcucuta.co\/?p=26626"},"modified":"2016-04-15T13:43:26","modified_gmt":"2016-04-15T18:43:26","slug":"unidades-moviles-objetivo-prevenir-desplazamientos-forzados-en-areas-urbanas","status":"publish","type":"post","link":"https:\/\/contraluzcucuta.co\/?p=26626","title":{"rendered":"UNIDADES M\u00d3VILES. Objetivo, prevenir desplazamientos forzados en \u00e1reas urbanas"},"content":{"rendered":"<p><strong>C\u00daCUTA.-<\/strong> Los esposos Nohora Delgado y Carlos Julio Garc\u00eda fueron v\u00edctimas de los paramilitares en el corregimiento Juan Fr\u00edo (Villa del Rosario). Sufrieron amenazas y desplazamiento, que terminaron en la hu\u00edda para preservar la integridad.<\/p>\n<p>Ahora, la Unidad M\u00f3vil de Derechos Humanos tiene como misi\u00f3n evitar que ocurran situaciones como la que vivieron a\u00f1os atr\u00e1s los Garc\u00eda Delgado. La estrategia quiere evitar las acciones que pongan en riesgo los derechos humanos. El trabajo se enfocar\u00e1 en los desplazamientos en espacios citadinos.<\/p>\n<p>El objetivo de las\u00a0 Unidades M\u00f3viles es prevenir la violaci\u00f3n de los derechos b\u00e1sicos y vitales de los nortesantandereanos. Hace una semana\u00a0 recorren los municipios para establecer contacto con los afectados y crear lazos que permitan la reparaci\u00f3n.<\/p>\n<p>La iniciativa surgi\u00f3 del vac\u00edo que hay a la hora de atender los masivos desplazamientos y la vulneraci\u00f3n de los derechos fundamentales en el departamento. La respuesta para atender las situaciones de victimizaci\u00f3n ha sido la prevenci\u00f3n. Este mecanismo les permitir\u00e1 a las autoridades regionales actuar antes de que ocurran las eventualidades y reaccionar de manera apropiada en caso de que sucedan.<\/p>\n<p>La Unidad M\u00f3vil est\u00e1 compuesta por ocho expertos en atenci\u00f3n de esas situaciones, que se desplazar\u00e1n en un bus que circular\u00e1 por los 40 municipios de Norte de Santander, al ser priorizados por ser foco de la vulneraci\u00f3n de los derechos humanos.<\/p>\n<p>Luis Fernando Ni\u00f1o L\u00f3pez, secretario de Atenci\u00f3n y Reparaci\u00f3n a las V\u00edctimas del departamento, dijo que el equipo monitorear\u00e1 la conflictividad armada en esos lugares para advertir los riesgos y situaciones que vulneren los derechos humanos.<\/p>\n<p>El grupo tambi\u00e9n coordinar\u00e1 la interlocuci\u00f3n con la institucionalidad. La estrategia inici\u00f3 este a\u00f1o para atender a v\u00edctimas en la Ciudadela Juan Atalaya y Villa del Rosario. Para el \u00f3ptimo funcionamiento contar\u00e1 con la ayuda de la comunidad para atender de manera oportuna los hechos o las amenazas.<\/p>\n<p><strong>Foto: PRENSA GOBERNACI\u00d3N<\/strong><\/p>\n<p>&nbsp;<\/p>\n<p>&nbsp; <\/p>\n","protected":false},"excerpt":{"rendered":"<p>C\u00daCUTA.- Los esposos Nohora Delgado y Carlos Julio Garc\u00eda fueron v\u00edctimas de los paramilitares en el corregimiento Juan Fr\u00edo (Villa del Rosario). Sufrieron amenazas y desplazamiento, que terminaron en la hu\u00edda para preservar la integridad. Ahora, la Unidad M\u00f3vil de Derechos Humanos tiene como misi\u00f3n evitar que ocurran situaciones como la que vivieron a\u00f1os atr\u00e1s &hellip;<\/p>\n","protected":false},"author":1,"featured_media":26627,"comment_status":"open","ping_status":"open","sticky":false,"template":"","format":"standard","meta":{"footnotes":""},"categories":[2630],"tags":[379,2898],"class_list":["post-26626","post","type-post","status-publish","format-standard","has-post-thumbnail","hentry","category-gobernacion","tag-gobernacion-de-norte-de-santander","tag-unidad-movil-de-derechos-humanos"],"_links":{"self":[{"href":"https:\/\/contraluzcucuta.co\/index.php?rest_route=\/wp\/v2\/posts\/26626","targetHints":{"allow":["GET"]}}],"collection":[{"href":"https:\/\/contraluzcucuta.co\/index.php?rest_route=\/wp\/v2\/posts"}],"about":[{"href":"https:\/\/contraluzcucuta.co\/index.php?rest_route=\/wp\/v2\/types\/post"}],"author":[{"embeddable":true,"href":"https:\/\/contraluzcucuta.co\/index.php?rest_route=\/wp\/v2\/users\/1"}],"replies":[{"embeddable":true,"href":"https:\/\/contraluzcucuta.co\/index.php?rest_route=%2Fwp%2Fv2%2Fcomments&post=26626"}],"version-history":[{"count":1,"href":"https:\/\/contraluzcucuta.co\/index.php?rest_route=\/wp\/v2\/posts\/26626\/revisions"}],"predecessor-version":[{"id":26628,"href":"https:\/\/contraluzcucuta.co\/index.php?rest_route=\/wp\/v2\/posts\/26626\/revisions\/26628"}],"wp:featuredmedia":[{"embeddable":true,"href":"https:\/\/contraluzcucuta.co\/index.php?rest_route=\/wp\/v2\/media\/26627"}],"wp:attachment":[{"href":"https:\/\/contraluzcucuta.co\/index.php?rest_route=%2Fwp%2Fv2%2Fmedia&parent=26626"}],"wp:term":[{"taxonomy":"category","embeddable":true,"href":"https:\/\/contraluzcucuta.co\/index.php?rest_route=%2Fwp%2Fv2%2Fcategories&post=26626"},{"taxonomy":"post_tag","embeddable":true,"href":"https:\/\/contraluzcucuta.co\/index.php?rest_route=%2Fwp%2Fv2%2Ftags&post=26626"}],"curies":[{"name":"wp","href":"https:\/\/api.w.org\/{rel}","templated":true}]}}