{"id":26616,"date":"2016-04-10T09:24:42","date_gmt":"2016-04-10T14:24:42","guid":{"rendered":"http:\/\/contraluzcucuta.co\/?p=26616"},"modified":"2016-04-10T09:24:42","modified_gmt":"2016-04-10T14:24:42","slug":"sistema-universitario-estatal-rectores-en-favor-del-fin-del-conflicto","status":"publish","type":"post","link":"https:\/\/contraluzcucuta.co\/?p=26616","title":{"rendered":"SISTEMA UNIVERSITARIO ESTATAL. Rectores, en favor del fin del conflicto"},"content":{"rendered":"<p><strong>C\u00daCUTA.-<\/strong> Bajo la premisa constitucional \u2018La paz es un deber y un derecho de obligatorio cumplimiento\u2019, art\u00edculo 22 de la Constituci\u00f3n Pol\u00edtica de Colombia, los rectores miembros del Sistema Universitario Estatal (SUE) firmaron una declaraci\u00f3n a favor del fin del conflicto pol\u00edtico armado que afronta el pa\u00eds.<\/p>\n<p>Los 23 rectores de Instituciones de educaci\u00f3n superior, en atenci\u00f3n a las responsabilidades que la academia tiene con la paz de Colombia, suscribieron 10 compromisos:<\/p>\n<p>1.- Apoyo a los mecanismos de refrendaci\u00f3n de los acuerdos<\/p>\n<p>2.- Intervenci\u00f3n en los territorios para el logro de la paz como justicia<\/p>\n<p>3.- Formaci\u00f3n como gestores de paz de los desmovilizados<\/p>\n<p>4.- Acompa\u00f1amiento y compromiso con las v\u00edctimas<\/p>\n<p>5.- Modernizaci\u00f3n del Estado colombiano para el posconflicto y fortalecimiento y asesor\u00eda a los gobiernos locales<\/p>\n<p>6.- Promoci\u00f3n y fortalecimiento de una cultura de paz y desarrollo de una pedagog\u00eda para la paz<\/p>\n<p>7.- Apoyo a la investigaci\u00f3n para la paz<\/p>\n<p>8.- Formaci\u00f3n de ciudadanos cr\u00edticos y participativos<\/p>\n<p>9.- Apoyo a las pr\u00e1cticas universitarias estudiantiles para la paz<\/p>\n<p>10.- Las universidades como territorios de paz y su trabajo para promover la convivencia y la reconciliaci\u00f3n.<\/p>\n<p>Cada rector se comprometi\u00f3 a trabajar por promover la paz en los territorios y regiones, y en los campus universitarios para superar la expresi\u00f3n violenta de los conflictos y que los estudiantes se movilicen en forma pac\u00edfica.<\/p>\n<p><strong>Foto: PRENSA UFPS<\/strong><\/p>\n<p>&nbsp;<\/p>\n<p>&nbsp; <\/p>\n","protected":false},"excerpt":{"rendered":"<p>C\u00daCUTA.- Bajo la premisa constitucional \u2018La paz es un deber y un derecho de obligatorio cumplimiento\u2019, art\u00edculo 22 de la Constituci\u00f3n Pol\u00edtica de Colombia, los rectores miembros del Sistema Universitario Estatal (SUE) firmaron una declaraci\u00f3n a favor del fin del conflicto pol\u00edtico armado que afronta el pa\u00eds. Los 23 rectores de Instituciones de educaci\u00f3n superior, &hellip;<\/p>\n","protected":false},"author":1,"featured_media":26617,"comment_status":"open","ping_status":"open","sticky":false,"template":"","format":"standard","meta":{"footnotes":""},"categories":[74],"tags":[2897],"class_list":["post-26616","post","type-post","status-publish","format-standard","has-post-thumbnail","hentry","category-aula-universitaria","tag-sistema-universitario-estatal"],"_links":{"self":[{"href":"https:\/\/contraluzcucuta.co\/index.php?rest_route=\/wp\/v2\/posts\/26616","targetHints":{"allow":["GET"]}}],"collection":[{"href":"https:\/\/contraluzcucuta.co\/index.php?rest_route=\/wp\/v2\/posts"}],"about":[{"href":"https:\/\/contraluzcucuta.co\/index.php?rest_route=\/wp\/v2\/types\/post"}],"author":[{"embeddable":true,"href":"https:\/\/contraluzcucuta.co\/index.php?rest_route=\/wp\/v2\/users\/1"}],"replies":[{"embeddable":true,"href":"https:\/\/contraluzcucuta.co\/index.php?rest_route=%2Fwp%2Fv2%2Fcomments&post=26616"}],"version-history":[{"count":1,"href":"https:\/\/contraluzcucuta.co\/index.php?rest_route=\/wp\/v2\/posts\/26616\/revisions"}],"predecessor-version":[{"id":26618,"href":"https:\/\/contraluzcucuta.co\/index.php?rest_route=\/wp\/v2\/posts\/26616\/revisions\/26618"}],"wp:featuredmedia":[{"embeddable":true,"href":"https:\/\/contraluzcucuta.co\/index.php?rest_route=\/wp\/v2\/media\/26617"}],"wp:attachment":[{"href":"https:\/\/contraluzcucuta.co\/index.php?rest_route=%2Fwp%2Fv2%2Fmedia&parent=26616"}],"wp:term":[{"taxonomy":"category","embeddable":true,"href":"https:\/\/contraluzcucuta.co\/index.php?rest_route=%2Fwp%2Fv2%2Fcategories&post=26616"},{"taxonomy":"post_tag","embeddable":true,"href":"https:\/\/contraluzcucuta.co\/index.php?rest_route=%2Fwp%2Fv2%2Ftags&post=26616"}],"curies":[{"name":"wp","href":"https:\/\/api.w.org\/{rel}","templated":true}]}}