{"id":26595,"date":"2016-04-09T22:10:02","date_gmt":"2016-04-10T03:10:02","guid":{"rendered":"http:\/\/contraluzcucuta.co\/?p=26595"},"modified":"2016-04-09T22:10:02","modified_gmt":"2016-04-10T03:10:02","slug":"notas-al-margen-la-urgencia-de-darle-vida-y-movilizacion-al-trato-fronterizo","status":"publish","type":"post","link":"https:\/\/contraluzcucuta.co\/?p=26595","title":{"rendered":"NOTAS AL\u00a0\u00a0\u00a0MARGEN.\u00a0La urgencia de darle vida y movilizaci\u00f3n al trato\u00a0\u00a0fronterizo"},"content":{"rendered":"<p>1.- La ausencia de criterios oficiales, previamente evaluados y compartidos por entidades, asociaciones y conglomerados que viven y proyectan la realidad que experimentamos, tanto en Venezuela como en Colombia, protocoliza &#8211;\u00a0 por la ausencia de orientaciones, encuentros y entendimientos que debieran adelantar voceros y representantes de los dos estados \u2013 unos vac\u00edos y actitudes que son completamente inconsecuentes y nada\u00a0favorables, a los prop\u00f3sitos de integraci\u00f3n y de acci\u00f3n conjunta o compartida, como tantas veces se ha expresado, podr\u00edan cumplir las dos naciones.<\/p>\n<p>Y, es lamentable, que esto ocurra, como lo demuestran los hechos y especialmente la inoperancia de la frontera\u00a0\u00a0y la ninguna labor o proyecci\u00f3n que supere este momento, como lo atestiguan\u00a0\u00a0tanto el silencio en el obrar como el mayor\u00a0\u00a0distanciamiento de los centros y sin que se capte y valore, que tal conducta, es grave y hasta amenazante\u00a0\u00a0para el futuro de las perspectivas regionales fronterizas, que se han insinuado, especialmente en lo referido a la industrializaci\u00f3n y el aprovechamiento de ventajas comparativas, ciertamente excepcionales. Y, que\u00a0\u00a0si se dejan al garete, porque no hay conciencia de la importancia y prioridades, que sintetiza y representa la labor mancomunada, fraterna y de visi\u00f3n internacional, el golpe, es duro y violento en las \u00e1reas y zonas de contacto<\/p>\n<p>Adem\u00e1s, porque est\u00e1 en juego, la urgencia, en la\u00a0\u00a0creaci\u00f3n de fuentes de empleo, para los miles de informales y desocupados, que ans\u00edan hallar sitios y lugares de empalme, mediante los resultados de investigaciones que demuestren lo que se puede hacer y de capacitaciones, que esperan con ansiedad, porque infortunadamente las \u00e1reas lim\u00edtrofes y con ella las regiones y sitios fronterizos, han sido los lugares\u00a0\u00a0m\u00e1s marginales y abandonados, por las autoridades y voceros capitales.<\/p>\n<p>2.-Y, esto, que es grave y de m\u00faltiples implicaciones, necesita atenci\u00f3n, as\u00ed como la merece la necesaria descentralizaci\u00f3n administrativa\u00a0\u00a0de funciones y\u00a0\u00a0una mayor presencia y participaci\u00f3n de las gentes de frontera, en el manejo de lo suyo.<\/p>\n<p>3.-Y con esos pasos\u00a0\u00a0b\u00e1sicos, hay que fijar,\u00a0\u00a0de igual modo, lo que pudieran llamarse los derechos de uso y los compromisos y obligaciones de las\u00a0gentes de frontera, para precisar el trato y darle vigencia a una regularizaci\u00f3n de la movilizaci\u00f3n y las necesidades dom\u00e9sticas de la familia fronteriza, para as\u00ed establecer y darle sentido, alcance y vigor, al verdadero esp\u00edritu y prop\u00f3sito de la integraci\u00f3n colombo-venezolana.<\/p>\n<p><strong>JOS\u00c9 NEIRA REY<\/strong><\/p>\n<p><strong>Foto: ARCHIVO<\/strong><\/p>\n<p>&nbsp; <\/p>\n","protected":false},"excerpt":{"rendered":"<p>1.- La ausencia de criterios oficiales, previamente evaluados y compartidos por entidades, asociaciones y conglomerados que viven y proyectan la realidad que experimentamos, tanto en Venezuela como en Colombia, protocoliza &#8211;\u00a0 por la ausencia de orientaciones, encuentros y entendimientos que debieran adelantar voceros y representantes de los dos estados \u2013 unos vac\u00edos y actitudes que &hellip;<\/p>\n","protected":false},"author":1,"featured_media":26596,"comment_status":"open","ping_status":"open","sticky":false,"template":"","format":"standard","meta":{"footnotes":""},"categories":[14,4],"tags":[1619,382,956],"class_list":["post-26595","post","type-post","status-publish","format-standard","has-post-thumbnail","hentry","category-articulistas","category-barra","tag-cierre-de-la-frontera-colombo-venezolana","tag-jose-neira","tag-notas-al-margen"],"_links":{"self":[{"href":"https:\/\/contraluzcucuta.co\/index.php?rest_route=\/wp\/v2\/posts\/26595","targetHints":{"allow":["GET"]}}],"collection":[{"href":"https:\/\/contraluzcucuta.co\/index.php?rest_route=\/wp\/v2\/posts"}],"about":[{"href":"https:\/\/contraluzcucuta.co\/index.php?rest_route=\/wp\/v2\/types\/post"}],"author":[{"embeddable":true,"href":"https:\/\/contraluzcucuta.co\/index.php?rest_route=\/wp\/v2\/users\/1"}],"replies":[{"embeddable":true,"href":"https:\/\/contraluzcucuta.co\/index.php?rest_route=%2Fwp%2Fv2%2Fcomments&post=26595"}],"version-history":[{"count":1,"href":"https:\/\/contraluzcucuta.co\/index.php?rest_route=\/wp\/v2\/posts\/26595\/revisions"}],"predecessor-version":[{"id":26597,"href":"https:\/\/contraluzcucuta.co\/index.php?rest_route=\/wp\/v2\/posts\/26595\/revisions\/26597"}],"wp:featuredmedia":[{"embeddable":true,"href":"https:\/\/contraluzcucuta.co\/index.php?rest_route=\/wp\/v2\/media\/26596"}],"wp:attachment":[{"href":"https:\/\/contraluzcucuta.co\/index.php?rest_route=%2Fwp%2Fv2%2Fmedia&parent=26595"}],"wp:term":[{"taxonomy":"category","embeddable":true,"href":"https:\/\/contraluzcucuta.co\/index.php?rest_route=%2Fwp%2Fv2%2Fcategories&post=26595"},{"taxonomy":"post_tag","embeddable":true,"href":"https:\/\/contraluzcucuta.co\/index.php?rest_route=%2Fwp%2Fv2%2Ftags&post=26595"}],"curies":[{"name":"wp","href":"https:\/\/api.w.org\/{rel}","templated":true}]}}