{"id":26586,"date":"2016-04-09T21:02:19","date_gmt":"2016-04-10T02:02:19","guid":{"rendered":"http:\/\/contraluzcucuta.co\/?p=26586"},"modified":"2016-04-09T21:02:19","modified_gmt":"2016-04-10T02:02:19","slug":"memoria-y-solidaridad-los-verdaderos-heroes-del-conflicto-son-las-victimas","status":"publish","type":"post","link":"https:\/\/contraluzcucuta.co\/?p=26586","title":{"rendered":"MEMORIA Y SOLIDARIDAD. Los verdaderos h\u00e9roes del conflicto son las v\u00edctimas"},"content":{"rendered":"<p><strong>C\u00daCUTA.-<\/strong> Diversos actos se cumplieron en C\u00facuta, este 9 de abril, para rendir homenaje a las v\u00edctimas del conflicto en el D\u00eda Nacional de la Memoria y la Solidaridad. Mientras los cucute\u00f1os marchaban desde la Plazoleta Los Fundadores (Telecom) hasta el parque Santander, la Polic\u00eda Metropolitana \u00a0rend\u00eda homenaje p\u00f3stumo a los hombres y mujeres muertos en las \u00faltimas d\u00e9cadas.<\/p>\n<p>En la sala de sesiones de la Asamblea se llev\u00f3 a cabo el encuentro de paz \u00a0entre diputados, funcionarios, acad\u00e9micos y l\u00edderes sociales. Las v\u00edctimas expusieron el panorama actual.<\/p>\n<p>En el parque Santander, el gobernador William Villamizar encendi\u00f3 una veladora ante las im\u00e1genes de los desaparecidos en la regi\u00f3n. Record\u00f3 el compromiso del gobierno departamental para generar acciones de reparaci\u00f3n efectiva para los que sufren por la violencia.<\/p>\n<p>Se espera la puesta en marcha de programas sociales en los pr\u00f3ximos cuatro a\u00f1os. Destacan la mejora de escenarios deportivos de paz, la generaci\u00f3n de proyectos productivos y el Posnorte. Tambi\u00e9n, se propusieron procesos de mejora y cumplimiento en los planes pactados por los gobiernos departamental y nacional, y el reconocimiento de los derechos.<\/p>\n<p>En el comando de la Polic\u00eda Metropolitana de C\u00facuta los uniformados rindieron homenaje conmemorativo. El prop\u00f3sito del acto p\u00f3stumo fue reiterar la importancia de los h\u00e9roes y afectados que dieron lo mejor de s\u00ed, en cumplimiento del deber, por el fortalecimiento de la seguridad ciudadana y la desaparici\u00f3n del delito que atenta contra la tranquilidad, la honra y los bienes de los colombianos.<\/p>\n<p>La ceremonia lit\u00fargica estuvo a cargo del p\u00e1rroco castrense del comando de Polic\u00eda San Mateo, padre Richard Alexander Moreno. El sacerdote elev\u00f3 una oraci\u00f3n en honor al sacrificio y excelencia, reconociendo a los integrantes de la Polic\u00eda y familiares v\u00edctimas del conflicto armado.<\/p>\n<p>La ofrenda floral estuvo a cargo del personal femenino de la instituci\u00f3n en medio de los abanderados, banda de paz y asistentes. Cerr\u00f3 la solemnidad de la ceremonia el minuto de silencio.<\/p>\n<p>En desarrollo de la Semana por la Solidaridad y la Dignificaci\u00f3n de las V\u00edctimas del conflicto armado en el departamento se organiz\u00f3 la caminata para recordar el D\u00eda Nacional de la Memoria de las V\u00edctimas.<\/p>\n<p>&#8220;Somos conscientes de que en nuestra regi\u00f3n ha habido m\u00faltiples atrocidades de los grupos al margen de la ley. Es dif\u00edcil hablar de h\u00e9roes. Los verdaderos h\u00e9roes y las verdaderas hero\u00ednas de ese conflicto son las v\u00edctimas, que han logrado trascender su dolor para transformarse en luchadores para la paz&#8221;, dijo Villamizar Laguado.<\/p>\n<p>A la concentraci\u00f3n asistieron instituciones educativas, unidad para las v\u00edctimas, organismos internacionales, defensores de derechos humanos, l\u00edderes sociales y\u00a0 sindicales, funcionarios y representantes de las v\u00edctimas de Norte de Santander.<\/p>\n<p>Omaira Gonz\u00e1lez Vera, Secretaria de Posconflicto y Cultura de Paz, \u00a0dijo que \u201cla solidaridad, el compromiso y el acompa\u00f1amiento, ser\u00e1n tres factores importantes que implementar\u00e9 durante mi trabajo al frente de la Secretar\u00eda. Este d\u00eda especial se quedar\u00e1 en la memoria de los cucute\u00f1os ante la muerte del caudillo Jos\u00e9 Eliecer Gait\u00e1n, v\u00edctima de la violencia en Colombia\u201d.<\/p>\n<p>En cumplimiento de la campa\u00f1a \u2018Siembra vida, Siembra paz\u2019, v\u00edctimas del conflicto armado encendieron una vela en acto de reconocimiento y perd\u00f3n, s\u00edmbolo de luz en memoria de los\u00a0\u00a0 familiares asesinados y violentados\u00a0 por grupos armados ilegales.<\/p>\n<p>Entre los asistentes a los diversos actos destac\u00f3 la presencia del defensor del pueblo de Norte de Santander, Benito Bonilla; el secretario de Atenci\u00f3n y Reparaci\u00f3n a las V\u00edctimas, Luis Fernando Ni\u00f1o, el director de la Unidad de Gesti\u00f3n de Riesgo de Desastres, Carlos Iv\u00e1n M\u00e1rquez, y la directora territorial de la Unidad de V\u00edctimas, Alba Helena Garc\u00eda Polanco.<\/p>\n<p><strong>Foto: PRENSA ALCALD\u00cdA<\/strong><\/p>\n<p>&nbsp; <\/p>\n","protected":false},"excerpt":{"rendered":"<p>C\u00daCUTA.- Diversos actos se cumplieron en C\u00facuta, este 9 de abril, para rendir homenaje a las v\u00edctimas del conflicto en el D\u00eda Nacional de la Memoria y la Solidaridad. Mientras los cucute\u00f1os marchaban desde la Plazoleta Los Fundadores (Telecom) hasta el parque Santander, la Polic\u00eda Metropolitana \u00a0rend\u00eda homenaje p\u00f3stumo a los hombres y mujeres muertos &hellip;<\/p>\n","protected":false},"author":1,"featured_media":26587,"comment_status":"open","ping_status":"open","sticky":false,"template":"","format":"standard","meta":{"footnotes":""},"categories":[4,5,36],"tags":[2892,679],"class_list":["post-26586","post","type-post","status-publish","format-standard","has-post-thumbnail","hentry","category-barra","category-justicia-transicional","category-la-voz-del-pueblo","tag-marcha-de-solidaridad","tag-victimas-del-conflicto-en-norte-de-santander"],"_links":{"self":[{"href":"https:\/\/contraluzcucuta.co\/index.php?rest_route=\/wp\/v2\/posts\/26586","targetHints":{"allow":["GET"]}}],"collection":[{"href":"https:\/\/contraluzcucuta.co\/index.php?rest_route=\/wp\/v2\/posts"}],"about":[{"href":"https:\/\/contraluzcucuta.co\/index.php?rest_route=\/wp\/v2\/types\/post"}],"author":[{"embeddable":true,"href":"https:\/\/contraluzcucuta.co\/index.php?rest_route=\/wp\/v2\/users\/1"}],"replies":[{"embeddable":true,"href":"https:\/\/contraluzcucuta.co\/index.php?rest_route=%2Fwp%2Fv2%2Fcomments&post=26586"}],"version-history":[{"count":1,"href":"https:\/\/contraluzcucuta.co\/index.php?rest_route=\/wp\/v2\/posts\/26586\/revisions"}],"predecessor-version":[{"id":26588,"href":"https:\/\/contraluzcucuta.co\/index.php?rest_route=\/wp\/v2\/posts\/26586\/revisions\/26588"}],"wp:featuredmedia":[{"embeddable":true,"href":"https:\/\/contraluzcucuta.co\/index.php?rest_route=\/wp\/v2\/media\/26587"}],"wp:attachment":[{"href":"https:\/\/contraluzcucuta.co\/index.php?rest_route=%2Fwp%2Fv2%2Fmedia&parent=26586"}],"wp:term":[{"taxonomy":"category","embeddable":true,"href":"https:\/\/contraluzcucuta.co\/index.php?rest_route=%2Fwp%2Fv2%2Fcategories&post=26586"},{"taxonomy":"post_tag","embeddable":true,"href":"https:\/\/contraluzcucuta.co\/index.php?rest_route=%2Fwp%2Fv2%2Ftags&post=26586"}],"curies":[{"name":"wp","href":"https:\/\/api.w.org\/{rel}","templated":true}]}}