{"id":26582,"date":"2016-04-09T16:29:40","date_gmt":"2016-04-09T21:29:40","guid":{"rendered":"http:\/\/contraluzcucuta.co\/?p=26582"},"modified":"2016-04-09T16:29:40","modified_gmt":"2016-04-09T21:29:40","slug":"cucuta-deportivo-mantienen-oferta-del-gancho-para-ingresar-al-general","status":"publish","type":"post","link":"https:\/\/contraluzcucuta.co\/?p=26582","title":{"rendered":"C\u00daCUTA DEPORTIVO. Mantienen oferta del \u2018gancho\u2019 para ingresar al General"},"content":{"rendered":"<p><strong>C\u00daCUTA.-<\/strong> Los directivos del C\u00facuta Deportivo, con el \u00e1nimo de despertar inter\u00e9s entre la fanaticada local, mantuvieron la promoci\u00f3n de permitir el ingreso al estadio de dos con una boleta. \u2018El gancho\u2019 tiene como prop\u00f3sito volver a llenar las tribunas, como anta\u00f1o, en este torneo de la Segunda Divisi\u00f3n.<\/p>\n<p>El once motil\u00f3n medir\u00e1 fuerzas, este domingo, contra el colero del campeonato Atl\u00e9tico F\u00fatbol Club. En las \u00faltimas presentaciones los grader\u00edos del General Santander han estado desiertos, ante la huida de los hinchas como protesta por la permanencia de Jos\u00e9 Augusto Cadena al frente del club.<\/p>\n<p>Los seguidores del cuadro fronterizo no respaldan la gesti\u00f3n del directivo y se han manifestado en las afueras del estadio para exigir la renuncia. La mala campa\u00f1a y la no contrataci\u00f3n de jugadores de peso son otras excusas de los aficionados para no asistir al espect\u00e1culo de la B.<\/p>\n<p>El s\u00e1bado, el equipo cumpli\u00f3 el \u00faltimo entrenamiento \u00a0previo al juego de la novena fecha del torneo. Para este compromiso el profesor Miguel Augusto Prince convoc\u00f3 a los siguientes jugadores:<\/p>\n<p>Sergio Avellaneda, Miguel Vargas, Jonathan P\u00e9rez, Elkin Mosquera, Hugo Soto, Jhon Garc\u00eda, Mauricio Duarte, James Castro, Carlos Gallego, V\u00edctor Asprilla, Darwin Carrero, Diego Chica, Brayan Lucum\u00ed, J\u00fanior Rangel, Jos\u00e9 David Lloreda, Jonathan Palacios, Jefferson Solano, y Roberto Nanni.<\/p>\n<p>El partido iniciar\u00e1 a las 3:00 de la tarde.<\/p>\n<p><strong>Foto: ALIRIO PARRA<\/strong><\/p>\n<p>&nbsp;<\/p>\n<p>&nbsp; <\/p>\n","protected":false},"excerpt":{"rendered":"<p>C\u00daCUTA.- Los directivos del C\u00facuta Deportivo, con el \u00e1nimo de despertar inter\u00e9s entre la fanaticada local, mantuvieron la promoci\u00f3n de permitir el ingreso al estadio de dos con una boleta. \u2018El gancho\u2019 tiene como prop\u00f3sito volver a llenar las tribunas, como anta\u00f1o, en este torneo de la Segunda Divisi\u00f3n. El once motil\u00f3n medir\u00e1 fuerzas, este &hellip;<\/p>\n","protected":false},"author":1,"featured_media":26583,"comment_status":"open","ping_status":"open","sticky":false,"template":"","format":"standard","meta":{"footnotes":""},"categories":[28],"tags":[2628,1166],"class_list":["post-26582","post","type-post","status-publish","format-standard","has-post-thumbnail","hentry","category-vistazo-deportivo","tag-cucuta-deportivo-2016","tag-estadio-general-santander"],"_links":{"self":[{"href":"https:\/\/contraluzcucuta.co\/index.php?rest_route=\/wp\/v2\/posts\/26582","targetHints":{"allow":["GET"]}}],"collection":[{"href":"https:\/\/contraluzcucuta.co\/index.php?rest_route=\/wp\/v2\/posts"}],"about":[{"href":"https:\/\/contraluzcucuta.co\/index.php?rest_route=\/wp\/v2\/types\/post"}],"author":[{"embeddable":true,"href":"https:\/\/contraluzcucuta.co\/index.php?rest_route=\/wp\/v2\/users\/1"}],"replies":[{"embeddable":true,"href":"https:\/\/contraluzcucuta.co\/index.php?rest_route=%2Fwp%2Fv2%2Fcomments&post=26582"}],"version-history":[{"count":1,"href":"https:\/\/contraluzcucuta.co\/index.php?rest_route=\/wp\/v2\/posts\/26582\/revisions"}],"predecessor-version":[{"id":26584,"href":"https:\/\/contraluzcucuta.co\/index.php?rest_route=\/wp\/v2\/posts\/26582\/revisions\/26584"}],"wp:featuredmedia":[{"embeddable":true,"href":"https:\/\/contraluzcucuta.co\/index.php?rest_route=\/wp\/v2\/media\/26583"}],"wp:attachment":[{"href":"https:\/\/contraluzcucuta.co\/index.php?rest_route=%2Fwp%2Fv2%2Fmedia&parent=26582"}],"wp:term":[{"taxonomy":"category","embeddable":true,"href":"https:\/\/contraluzcucuta.co\/index.php?rest_route=%2Fwp%2Fv2%2Fcategories&post=26582"},{"taxonomy":"post_tag","embeddable":true,"href":"https:\/\/contraluzcucuta.co\/index.php?rest_route=%2Fwp%2Fv2%2Ftags&post=26582"}],"curies":[{"name":"wp","href":"https:\/\/api.w.org\/{rel}","templated":true}]}}