{"id":26579,"date":"2016-04-09T16:05:58","date_gmt":"2016-04-09T21:05:58","guid":{"rendered":"http:\/\/contraluzcucuta.co\/?p=26579"},"modified":"2016-04-09T16:05:58","modified_gmt":"2016-04-09T21:05:58","slug":"secretaria-de-cultura-50-anos-de-arte-y-teatro-en-norte-de-santander","status":"publish","type":"post","link":"https:\/\/contraluzcucuta.co\/?p=26579","title":{"rendered":"SECRETAR\u00cdA DE CULTURA. 50 a\u00f1os de arte y teatro en Norte de Santander"},"content":{"rendered":"<p><strong>C\u00daCUTA.-<\/strong> Actores, directores y agentes del teatro participaron en la celebraci\u00f3n del D\u00eda Internacional del Teatro. El acto se cumpli\u00f3 en el auditorio de la Torre del Reloj, organizado por la Secretar\u00eda de Cultura de Norte de Santander. En la jornada se conmemoraron 50 a\u00f1os de labor art\u00edstica en el departamento.<\/p>\n<p>La intenci\u00f3n es incentivar y promover las muestras teatrales del departamento en t\u00edteres, narraci\u00f3n oral, circo, mimo y pantomima. El secretario de Cultura, C\u00e9sar Ricardo Rojas Ram\u00edrez, exalt\u00f3 a diversos actores culturales de la regi\u00f3n.<\/p>\n<p>El maestro Jorge Omar Ortiz recibi\u00f3 el reconocimiento por la trayectoria como actor, director y titiritero; por el compromiso con las artes esc\u00e9nicas en el pa\u00eds, y por representar al departamento en diversos cert\u00e1menes.<\/p>\n<p>Carmen Rosa C\u00e1rdenas, coordinadora del \u00e1rea de teatro de la Secretar\u00eda, hizo el reconocimiento a la labor del artista.<\/p>\n<p>Otros actos contemplaron espect\u00e1culos circenses, relator\u00eda y dramaturgia,\u00a0 a cargo del grupo de Teatro de T\u00edteres Manotas, y el payaso Pantale\u00f3n. El encuentro cultural proyecta m\u00e1s de estos espacios para el p\u00fablico en la regi\u00f3n.<\/p>\n<p><strong>Foto: PRENSA GOBERNACI\u00d3N<\/strong> <\/p>\n","protected":false},"excerpt":{"rendered":"<p>C\u00daCUTA.- Actores, directores y agentes del teatro participaron en la celebraci\u00f3n del D\u00eda Internacional del Teatro. El acto se cumpli\u00f3 en el auditorio de la Torre del Reloj, organizado por la Secretar\u00eda de Cultura de Norte de Santander. En la jornada se conmemoraron 50 a\u00f1os de labor art\u00edstica en el departamento. La intenci\u00f3n es incentivar &hellip;<\/p>\n","protected":false},"author":1,"featured_media":26580,"comment_status":"open","ping_status":"open","sticky":false,"template":"","format":"standard","meta":{"footnotes":""},"categories":[2630],"tags":[2891],"class_list":["post-26579","post","type-post","status-publish","format-standard","has-post-thumbnail","hentry","category-gobernacion","tag-secretaria-de-cultura-de-norte-de-santander"],"_links":{"self":[{"href":"https:\/\/contraluzcucuta.co\/index.php?rest_route=\/wp\/v2\/posts\/26579","targetHints":{"allow":["GET"]}}],"collection":[{"href":"https:\/\/contraluzcucuta.co\/index.php?rest_route=\/wp\/v2\/posts"}],"about":[{"href":"https:\/\/contraluzcucuta.co\/index.php?rest_route=\/wp\/v2\/types\/post"}],"author":[{"embeddable":true,"href":"https:\/\/contraluzcucuta.co\/index.php?rest_route=\/wp\/v2\/users\/1"}],"replies":[{"embeddable":true,"href":"https:\/\/contraluzcucuta.co\/index.php?rest_route=%2Fwp%2Fv2%2Fcomments&post=26579"}],"version-history":[{"count":1,"href":"https:\/\/contraluzcucuta.co\/index.php?rest_route=\/wp\/v2\/posts\/26579\/revisions"}],"predecessor-version":[{"id":26581,"href":"https:\/\/contraluzcucuta.co\/index.php?rest_route=\/wp\/v2\/posts\/26579\/revisions\/26581"}],"wp:featuredmedia":[{"embeddable":true,"href":"https:\/\/contraluzcucuta.co\/index.php?rest_route=\/wp\/v2\/media\/26580"}],"wp:attachment":[{"href":"https:\/\/contraluzcucuta.co\/index.php?rest_route=%2Fwp%2Fv2%2Fmedia&parent=26579"}],"wp:term":[{"taxonomy":"category","embeddable":true,"href":"https:\/\/contraluzcucuta.co\/index.php?rest_route=%2Fwp%2Fv2%2Fcategories&post=26579"},{"taxonomy":"post_tag","embeddable":true,"href":"https:\/\/contraluzcucuta.co\/index.php?rest_route=%2Fwp%2Fv2%2Ftags&post=26579"}],"curies":[{"name":"wp","href":"https:\/\/api.w.org\/{rel}","templated":true}]}}