{"id":26553,"date":"2016-04-07T13:39:59","date_gmt":"2016-04-07T18:39:59","guid":{"rendered":"http:\/\/contraluzcucuta.co\/?p=26553"},"modified":"2016-04-07T13:39:59","modified_gmt":"2016-04-07T18:39:59","slug":"oficina-de-las-tic-pactos-por-la-innovacion","status":"publish","type":"post","link":"https:\/\/contraluzcucuta.co\/?p=26553","title":{"rendered":"OFICINA DE LAS TIC. Pactos por la innovaci\u00f3n"},"content":{"rendered":"<p><strong>C\u00daCUTA.-<\/strong> Empresarios de C\u00facuta participan en el ciclo de conferencias sobre Pactos por la Innovaci\u00f3n. El objetivo es que no dejen el crecimiento de la empresa a la suerte, sino que aprendan c\u00f3mo conseguir mejores resultados en el campo comercial.<\/p>\n<p>La invitaci\u00f3n les lleg\u00f3 a los interesados para que aprovechen la oportunidad y participen en el ciclo de charlas. En la jornada acad\u00e9mica se apropiar\u00e1n de estrategias, t\u00e9cnicas y experiencias en favor del crecimiento y del fortalecimiento de las empresas.<\/p>\n<p>Las conferenciantes ser\u00e1n los expertos Alejandro Pel\u00e1ez, Guillermo Solano, Ren\u00e9 Vargas, Sara Mej\u00eda, Armando Pe\u00f1a y Carolina Parra. Hablar\u00e1n sobre:<\/p>\n<p>1.- Avances en Pactos por la Innovaci\u00f3n<\/p>\n<p>2.- Innovaci\u00f3n para equipos de alto impacto por Google<\/p>\n<p>3.- Taller Innovar I5 y casos de \u00e9xito.<\/p>\n<p>El espacio de capacitaci\u00f3n y aprendizaje sobre innovaci\u00f3n y competitividad contar\u00e1 con la participaci\u00f3n de empresas \u00a0nacionales e internacionales. Las conferencias ser\u00e1n gruitas. A partir de ma\u00f1ana jueves (7 de abril) arranca el ciclo de conferencias gratuitas y cuentan con apoyo de la Alcald\u00eda, la C\u00e1mara de Comercio y el Ministerio de las TIC.<\/p>\n<p><strong>Foto: PRENSA ALCALD\u00cdA<\/strong><\/p>\n<p>&nbsp;<\/p>\n<p>&nbsp; <\/p>\n","protected":false},"excerpt":{"rendered":"<p>C\u00daCUTA.- Empresarios de C\u00facuta participan en el ciclo de conferencias sobre Pactos por la Innovaci\u00f3n. El objetivo es que no dejen el crecimiento de la empresa a la suerte, sino que aprendan c\u00f3mo conseguir mejores resultados en el campo comercial. La invitaci\u00f3n les lleg\u00f3 a los interesados para que aprovechen la oportunidad y participen en &hellip;<\/p>\n","protected":false},"author":1,"featured_media":26554,"comment_status":"open","ping_status":"open","sticky":false,"template":"","format":"standard","meta":{"footnotes":""},"categories":[2625],"tags":[226],"class_list":["post-26553","post","type-post","status-publish","format-standard","has-post-thumbnail","hentry","category-alcaldia-de-cucuta","tag-alcaldia-de-cucuta"],"_links":{"self":[{"href":"https:\/\/contraluzcucuta.co\/index.php?rest_route=\/wp\/v2\/posts\/26553","targetHints":{"allow":["GET"]}}],"collection":[{"href":"https:\/\/contraluzcucuta.co\/index.php?rest_route=\/wp\/v2\/posts"}],"about":[{"href":"https:\/\/contraluzcucuta.co\/index.php?rest_route=\/wp\/v2\/types\/post"}],"author":[{"embeddable":true,"href":"https:\/\/contraluzcucuta.co\/index.php?rest_route=\/wp\/v2\/users\/1"}],"replies":[{"embeddable":true,"href":"https:\/\/contraluzcucuta.co\/index.php?rest_route=%2Fwp%2Fv2%2Fcomments&post=26553"}],"version-history":[{"count":1,"href":"https:\/\/contraluzcucuta.co\/index.php?rest_route=\/wp\/v2\/posts\/26553\/revisions"}],"predecessor-version":[{"id":26555,"href":"https:\/\/contraluzcucuta.co\/index.php?rest_route=\/wp\/v2\/posts\/26553\/revisions\/26555"}],"wp:featuredmedia":[{"embeddable":true,"href":"https:\/\/contraluzcucuta.co\/index.php?rest_route=\/wp\/v2\/media\/26554"}],"wp:attachment":[{"href":"https:\/\/contraluzcucuta.co\/index.php?rest_route=%2Fwp%2Fv2%2Fmedia&parent=26553"}],"wp:term":[{"taxonomy":"category","embeddable":true,"href":"https:\/\/contraluzcucuta.co\/index.php?rest_route=%2Fwp%2Fv2%2Fcategories&post=26553"},{"taxonomy":"post_tag","embeddable":true,"href":"https:\/\/contraluzcucuta.co\/index.php?rest_route=%2Fwp%2Fv2%2Ftags&post=26553"}],"curies":[{"name":"wp","href":"https:\/\/api.w.org\/{rel}","templated":true}]}}