{"id":26544,"date":"2016-04-07T06:14:20","date_gmt":"2016-04-07T11:14:20","guid":{"rendered":"http:\/\/contraluzcucuta.co\/?p=26544"},"modified":"2016-04-07T06:14:20","modified_gmt":"2016-04-07T11:14:20","slug":"politica-universidad-de-pamplona-seleccionara-candidatos-personero","status":"publish","type":"post","link":"https:\/\/contraluzcucuta.co\/?p=26544","title":{"rendered":"POL\u00cdTICA. Universidad de Pamplona seleccionar\u00e1 candidatos a Personero"},"content":{"rendered":"<p><strong>C\u00daCUTA.-<\/strong> La experiencia y la oferta econ\u00f3mica mostradas por la Universidad de Pamplona fueron claves para que el Concejo la escogiera para que adelante el proceso de selecci\u00f3n del Personero de C\u00facuta. La corporaci\u00f3n tuvo en cuenta el trabajo cumplido en el \u00a0Concurso de la Comisi\u00f3n Nacional del Servicio Civil.<\/p>\n<p>En el trascurso de la semana se sellar\u00e1 el contrato con la universidad y se expedir\u00e1 la convocatoria. El centro de estudios iniciar\u00e1 la recepci\u00f3n de las hojas de vida de los candidatos.<\/p>\n<p>La plenaria le otorg\u00f3 la facultad a la mesa directiva para desarrollar el proceso, que consta de dos pruebas:<\/p>\n<p>1.- Conocimientos acad\u00e9micos. Corresponde a la eliminatoria equivalente al 60 por ciento.<\/p>\n<p>2.- Competencias laborales. Clasificatoria y equivalente al 15 por ciento.<\/p>\n<p>La entrevista a cargo de la corporaci\u00f3n equivale al 15 por ciento.<\/p>\n<p>El proceso de an\u00e1lisis de hojas de vida, la aplicaci\u00f3n de las pruebas, entrevista y publicaci\u00f3n de resultado tomar\u00e1n 60 d\u00edas, que coinciden con el tiempo establecido para el retorno a sesiones ordinarias y elegir al Personero.<\/p>\n<p><strong>Foto: PRENSA ALCALD\u00cdA<\/strong><\/p>\n<p>&nbsp; <\/p>\n","protected":false},"excerpt":{"rendered":"<p>C\u00daCUTA.- La experiencia y la oferta econ\u00f3mica mostradas por la Universidad de Pamplona fueron claves para que el Concejo la escogiera para que adelante el proceso de selecci\u00f3n del Personero de C\u00facuta. La corporaci\u00f3n tuvo en cuenta el trabajo cumplido en el \u00a0Concurso de la Comisi\u00f3n Nacional del Servicio Civil. En el trascurso de la &hellip;<\/p>\n","protected":false},"author":1,"featured_media":26545,"comment_status":"open","ping_status":"open","sticky":false,"template":"","format":"standard","meta":{"footnotes":""},"categories":[6],"tags":[197,2887],"class_list":["post-26544","post","type-post","status-publish","format-standard","has-post-thumbnail","hentry","category-ojo-avizor","tag-concejo-de-cucuta","tag-personeria-de-cucuta"],"_links":{"self":[{"href":"https:\/\/contraluzcucuta.co\/index.php?rest_route=\/wp\/v2\/posts\/26544","targetHints":{"allow":["GET"]}}],"collection":[{"href":"https:\/\/contraluzcucuta.co\/index.php?rest_route=\/wp\/v2\/posts"}],"about":[{"href":"https:\/\/contraluzcucuta.co\/index.php?rest_route=\/wp\/v2\/types\/post"}],"author":[{"embeddable":true,"href":"https:\/\/contraluzcucuta.co\/index.php?rest_route=\/wp\/v2\/users\/1"}],"replies":[{"embeddable":true,"href":"https:\/\/contraluzcucuta.co\/index.php?rest_route=%2Fwp%2Fv2%2Fcomments&post=26544"}],"version-history":[{"count":1,"href":"https:\/\/contraluzcucuta.co\/index.php?rest_route=\/wp\/v2\/posts\/26544\/revisions"}],"predecessor-version":[{"id":26546,"href":"https:\/\/contraluzcucuta.co\/index.php?rest_route=\/wp\/v2\/posts\/26544\/revisions\/26546"}],"wp:featuredmedia":[{"embeddable":true,"href":"https:\/\/contraluzcucuta.co\/index.php?rest_route=\/wp\/v2\/media\/26545"}],"wp:attachment":[{"href":"https:\/\/contraluzcucuta.co\/index.php?rest_route=%2Fwp%2Fv2%2Fmedia&parent=26544"}],"wp:term":[{"taxonomy":"category","embeddable":true,"href":"https:\/\/contraluzcucuta.co\/index.php?rest_route=%2Fwp%2Fv2%2Fcategories&post=26544"},{"taxonomy":"post_tag","embeddable":true,"href":"https:\/\/contraluzcucuta.co\/index.php?rest_route=%2Fwp%2Fv2%2Ftags&post=26544"}],"curies":[{"name":"wp","href":"https:\/\/api.w.org\/{rel}","templated":true}]}}