{"id":26541,"date":"2016-04-06T23:18:49","date_gmt":"2016-04-07T04:18:49","guid":{"rendered":"http:\/\/contraluzcucuta.co\/?p=26541"},"modified":"2016-04-06T23:18:49","modified_gmt":"2016-04-07T04:18:49","slug":"roberto-nanni-el-pibe-azul-jugador-de-altura-en-el-cucuta-deportivo","status":"publish","type":"post","link":"https:\/\/contraluzcucuta.co\/?p=26541","title":{"rendered":"ROBERTO NANNI. \u2018El pibe azul\u2019, jugador de altura en el C\u00facuta Deportivo"},"content":{"rendered":"<p><strong>VILLA DEL ROSARIO \u2013 Norte de Santander.-<\/strong> \u00a0Son las 8:00 de la ma\u00f1ana. Jugadores y cuerpo t\u00e9cnico del C\u00facuta Deportivo llegan al estadio Gran Colombiano, de Villa del Rosario. Entre los integrantes del grupo hay uno especial. Lo primero que hace es atar los cordones de los guayos.<\/p>\n<p>\u2018El pistolero\u2019 Roberto Nanni es delantero, \u00a0con caracter\u00edsticas excepcionales\u00a0 a la hora de cabecear el bal\u00f3n. Esa habilidad se la permiten los 192 cent\u00edmetros de estatura. Los primeros trabajos son de calistenia y estiramiento muscular. El t\u00e9cnico Miguel Augusto Prince los llama y se re\u00fanen en el centro de la cancha.<\/p>\n<p>El extranjero tiene una especial forma de tratar a los compa\u00f1eros. En el campo es normal escucharle decir \u201c\u2018Chica\u2019, pasala\u201d, \u201cque la tir\u00e9s\u201d. El ambiente que vive en el conjunto motil\u00f3n es agradable, quiz\u00e1s por el recorrido en el f\u00fatbol profesional, que lo ha dotado de experiencia y capacidad.<\/p>\n<p>Nace la intriga por conocer que hay detr\u00e1s de la barba de este espigado atacante argentino. Los datos personales que recientes lo ponen en la lista de lesionados del cuadro rojinegro. Es el motivo por el que lleg\u00f3 a la zona de recuperaci\u00f3n.<\/p>\n<p>Cumplida una tenue jornada de entrenamiento, \u2018El Flaco\u2019, como lo apodan los comentaristas de Fox Sport, opt\u00f3 por sentarse a un costado del complejo deportivo. De inmediato se abre el di\u00e1logo con uno de los dos refuerzos\u00a0 extranjeros\u00a0 del once fronterizo con miras a ganar el torneo de ascenso.<\/p>\n<p>La fatiga y la sudoraci\u00f3n corporal, evidentes en el cuerpo d este hombre, no impiden la conversaci\u00f3n. \u201cEl gusto es m\u00edo que pueda colaborarles con la entrevista\u201d. Naci\u00f3 en la provincia Azul, a 45 minutos de Buenos Aires, el 20 de agosto de 1981.<\/p>\n<p>Desde joven empez\u00f3 como jugador profesional. A los 16 a\u00f1os, disput\u00f3 el torneo de primera divisi\u00f3n con el club V\u00e9lez Sarsfield, conocido como \u2018El Fort\u00edn\u2019, bajo la direcci\u00f3n de Marcelo Bielsa, en 1998. Mira al horizonte y se retrotrae hacia los clubes en los que milit\u00f3 despu\u00e9s de iniciar en V\u00e9lez.<\/p>\n<p>Los dedos rozan la poblada barba y comenz\u00f3 a recitar nombres de equipos de diferentes pa\u00edses. Dinamo de Kiev (2003), Ucrania, participo en el torneo local y pas\u00f3 en calidad de pr\u00e9stamo al Almer\u00eda (Espa\u00f1a). Dur\u00f3 seis meses en tierras ib\u00e9ricas y viaj\u00f3 a Italia para enrolarse en el Siena. Regres\u00f3 \u00a0a Am\u00e9rica y se vincul\u00f3 al Atlante (M\u00e9xico).<\/p>\n<p>Hasta ese momento estaba perfilado entre los mejores centro delanteros de Argentina. Volvi\u00f3 a V\u00e9lez Sarsfield y convirti\u00f3 el gol m\u00e1s significativo en su carrera. Se lo marc\u00f3 a River Plate para vencerlo tras 12 a\u00f1os de sequia en el Monumental.<\/p>\n<p>El\u00a0 tiempo se agota. Poco a poco los jugadores motilones dejan la cancha, lo que desvi\u00f3 la mirada de Nanni. Alcanz\u00f3 a decir, con voz fuerte, que en Cerro Porte\u00f1o vivi\u00f3 una \u00e9poca de anotaciones en el torneo local (12)\u00a0 goles y la Libertadores (7). Estuvo en la titular tres a\u00f1os consecutivos y dej\u00f3 huella en Paraguay como goleador de la Copa Santander para alegr\u00eda de la esa hinchada.<\/p>\n<p>Tom\u00f3 la maleta de entrenamiento y se dirige a la puerta de salida. Manifest\u00f3, con seguridad en cada palabra, que \u201cvoy a dar todo lo mejor de m\u00ed a esta instituci\u00f3n que me ha recibido bien\u201d. A\u00f1ora la provincia Azul, porque en ese lugar se encuentran su madre y sus hermanas.<\/p>\n<p>Por un tiempo pens\u00f3 que el ingl\u00e9s ser\u00eda el sustento para el futuro y estudi\u00f3 cinco semestres de idiomas. El destino le ten\u00eda preparado pararse en las mejores canchas del mundo y con la posibilidad de hacer cantar goles a la fanaticada que lo acompa\u00f1a.<\/p>\n<p>Roberto Nanni viste la casaca 9 del C\u00facuta Deportivo \u2013 2016. Los aficionados esperan que \u2018El Pistolero\u2019 afine la punter\u00eda y se encienda la mecha para contribuir al \u00e9xito en este a\u00f1o de competencia en la primera B. La ilusi\u00f3n es ver a la hinchada m\u00e1s fiel del pa\u00eds mientras grita en coro \u201csomos de la A\u201d.<\/p>\n<p><strong>HAROLD SIERRA<\/strong><\/p>\n<p><strong>Estudiante de Comunicaci\u00f3n Social<\/strong><\/p>\n<p><strong>Universidad de Pamplona<\/strong><\/p>\n<p><strong>Campus de Villa del Rosario<\/strong><\/p>\n<p><strong>Foto: JUAN RICARDO G\u00c9LVEZ<\/strong><\/p>\n<p>&nbsp;<\/p>\n<p>&nbsp; <\/p>\n","protected":false},"excerpt":{"rendered":"<p>VILLA DEL ROSARIO \u2013 Norte de Santander.- \u00a0Son las 8:00 de la ma\u00f1ana. Jugadores y cuerpo t\u00e9cnico del C\u00facuta Deportivo llegan al estadio Gran Colombiano, de Villa del Rosario. Entre los integrantes del grupo hay uno especial. Lo primero que hace es atar los cordones de los guayos. \u2018El pistolero\u2019 Roberto Nanni es delantero, \u00a0con &hellip;<\/p>\n","protected":false},"author":1,"featured_media":26542,"comment_status":"open","ping_status":"open","sticky":false,"template":"","format":"standard","meta":{"footnotes":""},"categories":[4,28],"tags":[2628,2886],"class_list":["post-26541","post","type-post","status-publish","format-standard","has-post-thumbnail","hentry","category-barra","category-vistazo-deportivo","tag-cucuta-deportivo-2016","tag-roberto-nanni"],"_links":{"self":[{"href":"https:\/\/contraluzcucuta.co\/index.php?rest_route=\/wp\/v2\/posts\/26541","targetHints":{"allow":["GET"]}}],"collection":[{"href":"https:\/\/contraluzcucuta.co\/index.php?rest_route=\/wp\/v2\/posts"}],"about":[{"href":"https:\/\/contraluzcucuta.co\/index.php?rest_route=\/wp\/v2\/types\/post"}],"author":[{"embeddable":true,"href":"https:\/\/contraluzcucuta.co\/index.php?rest_route=\/wp\/v2\/users\/1"}],"replies":[{"embeddable":true,"href":"https:\/\/contraluzcucuta.co\/index.php?rest_route=%2Fwp%2Fv2%2Fcomments&post=26541"}],"version-history":[{"count":1,"href":"https:\/\/contraluzcucuta.co\/index.php?rest_route=\/wp\/v2\/posts\/26541\/revisions"}],"predecessor-version":[{"id":26543,"href":"https:\/\/contraluzcucuta.co\/index.php?rest_route=\/wp\/v2\/posts\/26541\/revisions\/26543"}],"wp:featuredmedia":[{"embeddable":true,"href":"https:\/\/contraluzcucuta.co\/index.php?rest_route=\/wp\/v2\/media\/26542"}],"wp:attachment":[{"href":"https:\/\/contraluzcucuta.co\/index.php?rest_route=%2Fwp%2Fv2%2Fmedia&parent=26541"}],"wp:term":[{"taxonomy":"category","embeddable":true,"href":"https:\/\/contraluzcucuta.co\/index.php?rest_route=%2Fwp%2Fv2%2Fcategories&post=26541"},{"taxonomy":"post_tag","embeddable":true,"href":"https:\/\/contraluzcucuta.co\/index.php?rest_route=%2Fwp%2Fv2%2Ftags&post=26541"}],"curies":[{"name":"wp","href":"https:\/\/api.w.org\/{rel}","templated":true}]}}