{"id":26532,"date":"2016-04-06T21:46:04","date_gmt":"2016-04-07T02:46:04","guid":{"rendered":"http:\/\/contraluzcucuta.co\/?p=26532"},"modified":"2016-04-10T07:12:16","modified_gmt":"2016-04-10T12:12:16","slug":"justicia-transicional-es-duro-que-lo-amenacen-y-lo-humillen","status":"publish","type":"post","link":"https:\/\/contraluzcucuta.co\/?p=26532","title":{"rendered":"JUSTICIA TRANSICIONAL. \u201cEs duro que lo amenacen y lo humillen\u201d"},"content":{"rendered":"<p><strong>C\u00daCUTA.-<\/strong> Uno de los oficios que mayores problemas puede representar para quienes lo ejercen es la defensor\u00eda de los derechos humanos. Adem\u00e1s, hasta puede resultar desagradecido. Los beneficiados reclaman porque no se les cumplen los deseos en el tiempo que quisiera. Los de la otra orilla, la ilegal, alertan de retaliaciones por el trabajo ejercido a favor de quienes han sufrido por su culpa.<\/p>\n<p>Las amenazas y las humillaciones venidas de ese lado oscuro tienen a Luis Alberto al borde de la renuncia de la suplencia en la Mesa Nacional de V\u00edctimas y a la coordinaci\u00f3n de la Mesa Municipal. Un hombre que ha sufrido los rigores de la guerra y que ha tomado el camino de la paz para ayudar a sus semejantes no entiende por qu\u00e9 la vida le da duro y le hace los d\u00edas insufribles.<\/p>\n<p>Es v\u00edctima desde 1971. Ha sido desplazado, desarraigado, perseguido, ultrajado y ahora cree que es duro que le ocurra esto. El conflicto le arrebat\u00f3 a varios seres queridos y no quiere correr con esa suerte. El trabajo que cumple lo hace por aquellos hombres y mujeres golpeados por la guerra que desangra al pa\u00eds.<\/p>\n<p>El chaleco azul, oficial de la Mesa de Participaci\u00f3n, le da cierta protecci\u00f3n, aunque no la seguridad que desear\u00eda tener. En los actos que asiste da el testimonio que le compete y habla con seguridad. Es una manera de desahogo para contar la procesi\u00f3n que lleva por dentro. El \u00faltimo relato personal lo hizo delante de las autoridades organizadoras de la Semana de Reconocimiento y Solidaridad por las V\u00edctimas del Conflicto Armado.<\/p>\n<p>Cont\u00f3 que ese d\u00eda, en la ma\u00f1ana, despert\u00f3 con el pensamiento puesto en la responsabilidad que le dan la suplencia en la Mesa Nacional de V\u00edctimas y la coordinaci\u00f3n de la Mesa Municipal. Y dijo que la intenci\u00f3n inicial es abandonar esos cargos para ganar, quiz\u00e1s, en tranquilidad familiar. Esas ideas se las trasmiti\u00f3 a la esposa y luego las narr\u00f3 en uno de los salones de la biblioteca \u2018Julio P\u00e9rez Ferrero\u2019.<\/p>\n<p>Desde ni\u00f1o, Luis Alberto ha soportado los avatares del conflicto. Ahora que defiende a las v\u00edctimas, medita a cerca de dejar esta lucha. Ha recibido volantes con mensajes intimidatorios y el temor crece al mirar a la esposa, los hijos y los nietos, a quienes no quiere ver involucrados en este problema.<\/p>\n<p>La preocupaci\u00f3n se nota cuando habla del asesinato de sus compa\u00f1eros de oficio. El conflicto ha cobrado la vida a 426 defensores de derechos humanos, y 26 han desaparecido. En el 2016, en el pa\u00eds murieron varios miembros de las Mesas. Norte de Santander ha puesto la cuota de muertos y desaparecidos. En El Catatumbo las v\u00edctimas eran integrantes de asociaciones campesinas. Esas cifras lo atemorizan, porque no quisiera que su nombre engrosara el \u00a0listado.<\/p>\n<p>La lucha constante y diaria es por la defensa de los derechos de los dem\u00e1s. Ahora, tambi\u00e9n deben buscar maneras para evitar que sus derechos no sean violados. \u201cNos toca estar unidos y hacer resistencia para que se d\u00e9 el respeto a nuestros derechos\u201d. Esa resistencia de la que habla es frente a los grupos armados al margen de la ley, guerrilla y bandas criminales.<\/p>\n<p>Est\u00e1 confiado en que en el pa\u00eds habr\u00e1 verdad, justicia, reparaci\u00f3n y no repetici\u00f3n. Los defensores de derechos humanos han solicitado ampliar la Ley de V\u00edctimas y creen en un proceso de paz con inversi\u00f3n social. Otro anhelo es \u201cencontrar a nuestros seres queridos, desaparecidos en Colombia\u201d.<\/p>\n<p><strong>RAFAEL ANTONIO PAB\u00d3N<\/strong><\/p>\n<p><strong>rafaelpabon58@hotmail.com<\/strong><\/p>\n<p><strong>Foto: ALDAIR SALAZAR<\/strong><\/p>\n<p>&nbsp; <\/p>\n","protected":false},"excerpt":{"rendered":"<p>C\u00daCUTA.- Uno de los oficios que mayores problemas puede representar para quienes lo ejercen es la defensor\u00eda de los derechos humanos. Adem\u00e1s, hasta puede resultar desagradecido. Los beneficiados reclaman porque no se les cumplen los deseos en el tiempo que quisiera. Los de la otra orilla, la ilegal, alertan de retaliaciones por el trabajo ejercido &hellip;<\/p>\n","protected":false},"author":1,"featured_media":26533,"comment_status":"open","ping_status":"open","sticky":false,"template":"","format":"standard","meta":{"footnotes":""},"categories":[17,4,5],"tags":[2884,696],"class_list":["post-26532","post","type-post","status-publish","format-standard","has-post-thumbnail","hentry","category-conversaciones-a-contraluz","category-barra","category-justicia-transicional","tag-defensor-de-derechos-humanos","tag-victimas-de-la-violencia-en-norte-de-santander"],"_links":{"self":[{"href":"https:\/\/contraluzcucuta.co\/index.php?rest_route=\/wp\/v2\/posts\/26532","targetHints":{"allow":["GET"]}}],"collection":[{"href":"https:\/\/contraluzcucuta.co\/index.php?rest_route=\/wp\/v2\/posts"}],"about":[{"href":"https:\/\/contraluzcucuta.co\/index.php?rest_route=\/wp\/v2\/types\/post"}],"author":[{"embeddable":true,"href":"https:\/\/contraluzcucuta.co\/index.php?rest_route=\/wp\/v2\/users\/1"}],"replies":[{"embeddable":true,"href":"https:\/\/contraluzcucuta.co\/index.php?rest_route=%2Fwp%2Fv2%2Fcomments&post=26532"}],"version-history":[{"count":1,"href":"https:\/\/contraluzcucuta.co\/index.php?rest_route=\/wp\/v2\/posts\/26532\/revisions"}],"predecessor-version":[{"id":26534,"href":"https:\/\/contraluzcucuta.co\/index.php?rest_route=\/wp\/v2\/posts\/26532\/revisions\/26534"}],"wp:featuredmedia":[{"embeddable":true,"href":"https:\/\/contraluzcucuta.co\/index.php?rest_route=\/wp\/v2\/media\/26533"}],"wp:attachment":[{"href":"https:\/\/contraluzcucuta.co\/index.php?rest_route=%2Fwp%2Fv2%2Fmedia&parent=26532"}],"wp:term":[{"taxonomy":"category","embeddable":true,"href":"https:\/\/contraluzcucuta.co\/index.php?rest_route=%2Fwp%2Fv2%2Fcategories&post=26532"},{"taxonomy":"post_tag","embeddable":true,"href":"https:\/\/contraluzcucuta.co\/index.php?rest_route=%2Fwp%2Fv2%2Ftags&post=26532"}],"curies":[{"name":"wp","href":"https:\/\/api.w.org\/{rel}","templated":true}]}}