{"id":26529,"date":"2016-04-06T21:20:45","date_gmt":"2016-04-07T02:20:45","guid":{"rendered":"http:\/\/contraluzcucuta.co\/?p=26529"},"modified":"2016-04-06T21:20:45","modified_gmt":"2016-04-07T02:20:45","slug":"opinion-los-charlatanes-del-odio","status":"publish","type":"post","link":"https:\/\/contraluzcucuta.co\/?p=26529","title":{"rendered":"OPINI\u00d3N. Los charlatanes del odio"},"content":{"rendered":"<p><strong>BOGOT\u00c1.-<\/strong> Recuerda el doctor Mauricio Cabrera, en un interesante escrito de prensa, en el que analiza el libro \u2018El mundo de ayer\u2019, de las memorias de Stefan Zweig, escritor y ensayista austriaco nacido en Viena en 1881 y perseguido por los nazis. Se suicid\u00f3 en 1942.<\/p>\n<p>Esa memoria de ayer, dice el escritor, posee las mismas preocupaciones del presente y critica a todos aquellos &#8220;ap\u00f3stoles de la guerra&#8221; que recurren a la mentira y la calumnia para alimentar odios y torpedear el camino del di\u00e1logo y la reconciliaci\u00f3n esos son &#8220;los charlatanes del odio&#8221;.<\/p>\n<p>Para quienes el peor rumor es verdad y la calumnia m\u00e1s absurda es cre\u00edda, esa es la propaganda del \u2018odio\u2019, la t\u00e9cnica de culpar al que se considera enemigo de todas las crueldades inimaginables, apelando a las pasiones, puesto que no se puede armonizar el odio con la raz\u00f3n y el sentimiento de justicia.<\/p>\n<p>As\u00ed estamos, en la cultura del odio, de difamar al semejante arguy\u00e9ndole todos los ep\u00edtetos posibles para desacreditar a quien nos interesa da\u00f1ar en esta orgia de odio; y se pregunta el escritor, al final del escrito: \u00bfcu\u00e1ntos a\u00f1os duraremos los colombianos para ver el da\u00f1o que nos genera esta apolog\u00eda de la guerra y del odio?<\/p>\n<p><strong>JUAN RICARDO G\u00c9LVEZ<\/strong><\/p>\n<p><strong>Ilustraci\u00f3n: www.youtube.com<\/strong> <\/p>\n","protected":false},"excerpt":{"rendered":"<p>BOGOT\u00c1.- Recuerda el doctor Mauricio Cabrera, en un interesante escrito de prensa, en el que analiza el libro \u2018El mundo de ayer\u2019, de las memorias de Stefan Zweig, escritor y ensayista austriaco nacido en Viena en 1881 y perseguido por los nazis. Se suicid\u00f3 en 1942. Esa memoria de ayer, dice el escritor, posee las &hellip;<\/p>\n","protected":false},"author":1,"featured_media":26530,"comment_status":"open","ping_status":"open","sticky":false,"template":"","format":"standard","meta":{"footnotes":""},"categories":[14,4],"tags":[2749,2883,2646],"class_list":["post-26529","post","type-post","status-publish","format-standard","has-post-thumbnail","hentry","category-articulistas","category-barra","tag-articulistas-contraluz","tag-charlatanes-del-odio","tag-juan-ricardo-gelvez"],"_links":{"self":[{"href":"https:\/\/contraluzcucuta.co\/index.php?rest_route=\/wp\/v2\/posts\/26529","targetHints":{"allow":["GET"]}}],"collection":[{"href":"https:\/\/contraluzcucuta.co\/index.php?rest_route=\/wp\/v2\/posts"}],"about":[{"href":"https:\/\/contraluzcucuta.co\/index.php?rest_route=\/wp\/v2\/types\/post"}],"author":[{"embeddable":true,"href":"https:\/\/contraluzcucuta.co\/index.php?rest_route=\/wp\/v2\/users\/1"}],"replies":[{"embeddable":true,"href":"https:\/\/contraluzcucuta.co\/index.php?rest_route=%2Fwp%2Fv2%2Fcomments&post=26529"}],"version-history":[{"count":1,"href":"https:\/\/contraluzcucuta.co\/index.php?rest_route=\/wp\/v2\/posts\/26529\/revisions"}],"predecessor-version":[{"id":26531,"href":"https:\/\/contraluzcucuta.co\/index.php?rest_route=\/wp\/v2\/posts\/26529\/revisions\/26531"}],"wp:featuredmedia":[{"embeddable":true,"href":"https:\/\/contraluzcucuta.co\/index.php?rest_route=\/wp\/v2\/media\/26530"}],"wp:attachment":[{"href":"https:\/\/contraluzcucuta.co\/index.php?rest_route=%2Fwp%2Fv2%2Fmedia&parent=26529"}],"wp:term":[{"taxonomy":"category","embeddable":true,"href":"https:\/\/contraluzcucuta.co\/index.php?rest_route=%2Fwp%2Fv2%2Fcategories&post=26529"},{"taxonomy":"post_tag","embeddable":true,"href":"https:\/\/contraluzcucuta.co\/index.php?rest_route=%2Fwp%2Fv2%2Ftags&post=26529"}],"curies":[{"name":"wp","href":"https:\/\/api.w.org\/{rel}","templated":true}]}}