{"id":26522,"date":"2016-04-03T17:10:05","date_gmt":"2016-04-03T22:10:05","guid":{"rendered":"http:\/\/contraluzcucuta.co\/?p=26522"},"modified":"2016-04-03T17:10:05","modified_gmt":"2016-04-03T22:10:05","slug":"semana-por-las-victimas-la-paz-es-un-estado-de-convivencia-franco","status":"publish","type":"post","link":"https:\/\/contraluzcucuta.co\/?p=26522","title":{"rendered":"SEMANA POR LAS V\u00cdCTIMAS. \u201cLa paz es un estado de convivencia\u201d: Franco"},"content":{"rendered":"<p><strong>C\u00daCUTA.-<\/strong> En los \u00faltimos a\u00f1os, la conmemoraci\u00f3n del D\u00eda de las V\u00edctimas se hac\u00eda de manera particular y cada instituci\u00f3n organizaba actividades en solitario. En el 2016, ser\u00e1 una semana y comprender\u00e1 actos religiosos, conmemorativos, significativos, culturales y acad\u00e9micos. La programaci\u00f3n comienza este lunes, con la promoci\u00f3n de la convivencia, la tolerancia y el perd\u00f3n en los centros educativos cucute\u00f1os.<\/p>\n<p>\u201cM\u00e1s all\u00e1 de conmemorar queremos un compromiso por parte de las instituciones\u201d, dijo la secretaria del posconflicto Omaira Gonz\u00e1lez en la apertura de la Semana de Reconocimiento y Solidaridad por las V\u00edctimas del Conflicto Armado.<\/p>\n<p>El objetivo es promover espacios ciudadanos y solidarios de la memoria hist\u00f3rica, la no repetici\u00f3n y los actos significativos para con las v\u00edctimas. Las actividades permitir\u00e1n la promoci\u00f3n de la paz sostenible y duradera, basada en el perd\u00f3n y la convivencia. \u201cAlgunas actividades son un trabajo articulado para que contin\u00fae y trascienda en la vida de las v\u00edctimas\u201d, dijo la funcionaria.<\/p>\n<p>En esta ocasi\u00f3n se recordar\u00e1n hechos violentos que han marcado la vida de hombres y mujeres perseguidos por la guerra. M\u00e1s all\u00e1 de todo, se reclamar\u00e1 justicia con equidad social y que las v\u00edctimas sean tenidas en cuenta para un empleo\u00a0 y que se les respeten sus derechos.<\/p>\n<p>\u201cNos estamos desangrando. Somos presos del temor y del miedo\u201d, enfatiz\u00f3 Omaira Gonz\u00e1lez, y pidi\u00f3 reconocer que hay afectados que han tenido que convivir en medio del conflicto. \u201cPara garantizar sus derechos se requiere voluntad pol\u00edtica y el respaldo de la comunidad. Este conflicto cada d\u00eda crece y reclama de la sociedad manifestaciones de rechazo\u201d.<\/p>\n<p>Mauricio Franco reconoci\u00f3 que el pa\u00eds vive buenos vientos para que haya borr\u00f3n y no vuelva a haber conflictos. D\u00edas atr\u00e1s, el Eln decidi\u00f3 sentarse con el Gobierno a hablar de paz. El funcionario de la Alcald\u00eda de C\u00facuta se regocij\u00f3 con el hecho y se\u00f1al\u00f3 que es \u201cbueno que los dos principales grupos guerrilleros est\u00e9n sentados hablando de paz, porque eso es lo que requiere y necesita el pa\u00eds\u201d.<\/p>\n<p>Pidi\u00f3 a los colombianos prepararse para el perd\u00f3n, porque no se puede hablar de paz y de reconciliaci\u00f3n, si no se desarman los esp\u00edritus. \u201cLa paz no es pol\u00edtica, es un estado de convivencia, y ese es el estado al que debemos llegar. No es la paz de ning\u00fan partido pol\u00edtico, ni de ninguna persona, sino que es la reconciliaci\u00f3n de los colombianos que por tanto tiempo hemos sufrido lo que es la violencia\u201d.<\/p>\n<p>Llam\u00f3 a la solidaridad y a perdonar a quienes, en su momento, \u201cpor equis o ye motivos nos hicieron da\u00f1o\u201d.<\/p>\n<p>El secretario departamental de v\u00edctimas Luis Fernando Ni\u00f1o dijo que Norte de Santander entra en la etapa m\u00e1s decisiva para alcanzar la paz por el inicio de negociaciones con el Eln. El grupo guerrillero tiene amplia injerencia en las zonas urbana y rural del departamento.<\/p>\n<p>Faltan por llegar a la mesa de negociaciones el Epl y \u00a0las bandas criminales. \u201cLa paz no se logra con un solo actor, sino con todos\u201d. Dividi\u00f3 la paz en dos conceptos:<\/p>\n<p>1.- Pol\u00edtica. Es la que se hace al alto nivel en Ecuador, Venezuela y Cuba.<\/p>\n<p>2.- Estructural. Es la que les corresponde a los ciudadanos.<\/p>\n<p><strong>Foto: ARCHIVO<\/strong><\/p>\n<p>&nbsp; <\/p>\n","protected":false},"excerpt":{"rendered":"<p>C\u00daCUTA.- En los \u00faltimos a\u00f1os, la conmemoraci\u00f3n del D\u00eda de las V\u00edctimas se hac\u00eda de manera particular y cada instituci\u00f3n organizaba actividades en solitario. En el 2016, ser\u00e1 una semana y comprender\u00e1 actos religiosos, conmemorativos, significativos, culturales y acad\u00e9micos. La programaci\u00f3n comienza este lunes, con la promoci\u00f3n de la convivencia, la tolerancia y el perd\u00f3n &hellip;<\/p>\n","protected":false},"author":1,"featured_media":26523,"comment_status":"open","ping_status":"open","sticky":false,"template":"","format":"standard","meta":{"footnotes":""},"categories":[45,5],"tags":[157,2882,1473],"class_list":["post-26522","post","type-post","status-publish","format-standard","has-post-thumbnail","hentry","category-destacado","category-justicia-transicional","tag-justicia-transicional-2","tag-secretaria-del-posconflicto","tag-victimas-en-norte-de-santander"],"_links":{"self":[{"href":"https:\/\/contraluzcucuta.co\/index.php?rest_route=\/wp\/v2\/posts\/26522","targetHints":{"allow":["GET"]}}],"collection":[{"href":"https:\/\/contraluzcucuta.co\/index.php?rest_route=\/wp\/v2\/posts"}],"about":[{"href":"https:\/\/contraluzcucuta.co\/index.php?rest_route=\/wp\/v2\/types\/post"}],"author":[{"embeddable":true,"href":"https:\/\/contraluzcucuta.co\/index.php?rest_route=\/wp\/v2\/users\/1"}],"replies":[{"embeddable":true,"href":"https:\/\/contraluzcucuta.co\/index.php?rest_route=%2Fwp%2Fv2%2Fcomments&post=26522"}],"version-history":[{"count":1,"href":"https:\/\/contraluzcucuta.co\/index.php?rest_route=\/wp\/v2\/posts\/26522\/revisions"}],"predecessor-version":[{"id":26524,"href":"https:\/\/contraluzcucuta.co\/index.php?rest_route=\/wp\/v2\/posts\/26522\/revisions\/26524"}],"wp:featuredmedia":[{"embeddable":true,"href":"https:\/\/contraluzcucuta.co\/index.php?rest_route=\/wp\/v2\/media\/26523"}],"wp:attachment":[{"href":"https:\/\/contraluzcucuta.co\/index.php?rest_route=%2Fwp%2Fv2%2Fmedia&parent=26522"}],"wp:term":[{"taxonomy":"category","embeddable":true,"href":"https:\/\/contraluzcucuta.co\/index.php?rest_route=%2Fwp%2Fv2%2Fcategories&post=26522"},{"taxonomy":"post_tag","embeddable":true,"href":"https:\/\/contraluzcucuta.co\/index.php?rest_route=%2Fwp%2Fv2%2Ftags&post=26522"}],"curies":[{"name":"wp","href":"https:\/\/api.w.org\/{rel}","templated":true}]}}