{"id":26514,"date":"2016-04-02T22:21:58","date_gmt":"2016-04-03T03:21:58","guid":{"rendered":"http:\/\/contraluzcucuta.co\/?p=26514"},"modified":"2016-04-02T22:21:58","modified_gmt":"2016-04-03T03:21:58","slug":"conflicto-armado-semana-de-reconocimiento-y-solidaridad-por-las-victimas","status":"publish","type":"post","link":"https:\/\/contraluzcucuta.co\/?p=26514","title":{"rendered":"CONFLICTO ARMADO. Semana de reconocimiento y solidaridad por las v\u00edctimas"},"content":{"rendered":"<p><strong>C\u00daCUTA.- <\/strong>La Semana de Reconocimiento y Solidaridad por las V\u00edctimas del Conflicto Armado tiene como objetivo promover espacios ciudadanos y solidarios de la memoria hist\u00f3rica, la no repetici\u00f3n y los actos significativos para con las v\u00edctimas. Estas actividades permitir\u00e1n la promoci\u00f3n de la paz sostenible y duradera basada en el perd\u00f3n y la convivencia.<\/p>\n<p>La secretaria de Posconflicto y Cultura de Paz, Omaira Gonz\u00e1lez, reconoci\u00f3 que Norte de Santander es un departamento golpeado por el conflicto y por la guerra que se ha vivido durante largos a\u00f1os. \u201cCreo que es el momento de hacer un llamado, porque la paz y\u00a0 reconciliaci\u00f3n son de todos\u201d.<\/p>\n<p>Las instituciones se comprometieron a velar por los derechos de la poblaci\u00f3n. Redapaznor \u00a0abrir\u00e1 consultorios jur\u00eddicos con apoyo de las \u00a0universidades locales para atender, orientar y servir a las v\u00edctimas.<\/p>\n<p>La Alcald\u00eda de C\u00facuta se solidariza con las v\u00edctimas y las reconoce \u00a0esta semana de conmemoraci\u00f3n. Convoc\u00f3 a los cucute\u00f1os a perdonar y a construir paz.<\/p>\n<p>La administraci\u00f3n municipal,\u00a0 mediante la Secretar\u00eda de Posconflicto, con apoyo de la Unidad para las V\u00edctimas, Secretar\u00eda de V\u00edctimas del Departamento, UDES, Universidad Francisco de Paula Santander, Redapaznor, Di\u00f3cesis de C\u00facuta, Centro Cristiano, Secretar\u00eda de Educaci\u00f3n Municipal, Subsecretar\u00eda de la Juventud, Corporaci\u00f3n de Defensores de Derechos Humanos,\u00a0 Mesa de Participaci\u00f3n Municipal de V\u00edctimas y Sena dieron apertura a la Semana.<\/p>\n<p>La programaci\u00f3n prevista hasta el 9 de abril es la siguiente:<\/p>\n<p>Promoci\u00f3n de la convivencia, tolerancia y el perd\u00f3n en los centros educativos:<\/p>\n<p>4 de abril<\/p>\n<p>8:00 de la ma\u00f1ana, Nuestra Se\u00f1ora de Bel\u00e9n<\/p>\n<p>10:00 de la ma\u00f1ana, El Rodeo<\/p>\n<p>11:30 de la ma\u00f1ana, Alejandro Guti\u00e9rrez Calder\u00f3n<\/p>\n<p>5 de abril<\/p>\n<p>8:00 de la ma\u00f1ana, Integrado Juan Atalaya<\/p>\n<p>10:00 de la ma\u00f1ana, San Bartolom\u00e9<\/p>\n<p>1:30 de la ma\u00f1ana, Los Santos Ap\u00f3stoles<\/p>\n<p>6 de abril<\/p>\n<p>8:00 de la ma\u00f1ana, Eustorgio Colmenares Baptista<\/p>\n<p>10:00 de la ma\u00f1ana, Municipal del Aeropuerto<\/p>\n<p>11:30 de la ma\u00f1ana, Toledo Plata<\/p>\n<p>7 de abril<\/p>\n<p>8:00 de la ma\u00f1ana, Carlos Ram\u00edrez Par\u00eds,<\/p>\n<p>10:00 de la ma\u00f1ana, Rafael Uribe Uribe<\/p>\n<p>11:30 de la ma\u00f1ana, Claudia Mar\u00eda Prada<\/p>\n<p>8 de abril<\/p>\n<p>8:00 de la ma\u00f1ana, Andr\u00e9s Bello<\/p>\n<p>10:00 de la ma\u00f1ana, Gremios Unidos<\/p>\n<p>11:30 de la ma\u00f1ana, T\u00e9cnico Guaimaral<\/p>\n<p>&nbsp;<\/p>\n<p><strong>6 de abril de 8:00 de la ma\u00f1ana \u2013 12:00 del d\u00eda<\/strong><\/p>\n<p>Encuentro universitario \u2018Porque las v\u00edctimas tambi\u00e9n somos universidad\u201d: Auditorio Eustorgio Colmenares foro a cargo de la UFPS.<\/p>\n<p>6 de abril 9:00 am\u00a0\u00a0\u00a0\u00a0\u00a0 Acto simb\u00f3lico de la Unidad de Victimas:<\/p>\n<p>\u201cSembrando semillas de paz y reconciliaci\u00f3n en memoria de las v\u00edctimas\u201d<\/p>\n<p><strong>7 de abril 7:00 de la ma\u00f1ana \u2013 1:00 de la tarde<\/strong><\/p>\n<p>Lugar: torre del reloj<\/p>\n<p>Conversatorios Universitarios:<\/p>\n<ol>\n<li>A) Foro socializaci\u00f3n de la Ley 1448 de 2011 y los acuerdos de la Habana.<\/li>\n<li>B) Caja de herramientas PNUD<\/li>\n<li>C) Muestra de semilleros DDHH<\/li>\n<li>D) Exposici\u00f3n de la galer\u00eda de DDHH<\/li>\n<\/ol>\n<p>Acto simb\u00f3lico: memoria hist\u00f3rica para el perd\u00f3n (Uniminuto-cultura de paz) Compromiso del centro consultorio jur\u00eddico Redapaznor (Interdisciplinar e interinstitucional)<\/p>\n<p><strong>8 de abril Encuentro de Derecho Constitucional: <\/strong><\/p>\n<p>Seminario Nacional y Regional \u201c\u00c9tica para la paz\u201d<\/p>\n<p>Auditorio Eustorgio Colmenares UFPS<\/p>\n<p><strong>9 de abril 8:00 \u2013 11:00 de la ma\u00f1ana<\/strong><\/p>\n<p>Caminata de conmemoraci\u00f3n d\u00eda nacional de la memoria y solidaridad con las v\u00edctimas. Comienza en la plazoleta del ventura plaza y culmina en el parque Santander con participaci\u00f3n de la Comunidad.<\/p>\n<p><strong>9 de abril &#8211; 10:45 \u2013 11:45 de la ma\u00f1ana\u00a0\u00a0 <\/strong><\/p>\n<p>Sesi\u00f3n especial en la asamblea Departamental \u201cPlanes de Desarrollo para la Paz \u201c<\/p>\n<p>Acto de Unidad de Victimas \u2013Entrega de compromiso a las v\u00edctimas.<\/p>\n<p>&nbsp;<\/p>\n<p>&nbsp;<\/p>\n<p>&nbsp; <\/p>\n","protected":false},"excerpt":{"rendered":"<p>C\u00daCUTA.- La Semana de Reconocimiento y Solidaridad por las V\u00edctimas del Conflicto Armado tiene como objetivo promover espacios ciudadanos y solidarios de la memoria hist\u00f3rica, la no repetici\u00f3n y los actos significativos para con las v\u00edctimas. Estas actividades permitir\u00e1n la promoci\u00f3n de la paz sostenible y duradera basada en el perd\u00f3n y la convivencia. La &hellip;<\/p>\n","protected":false},"author":1,"featured_media":26515,"comment_status":"open","ping_status":"open","sticky":false,"template":"","format":"standard","meta":{"footnotes":""},"categories":[4,5],"tags":[157,2879,679],"class_list":["post-26514","post","type-post","status-publish","format-standard","has-post-thumbnail","hentry","category-barra","category-justicia-transicional","tag-justicia-transicional-2","tag-semana-de-reconocimiento-y-solidaridad","tag-victimas-del-conflicto-en-norte-de-santander"],"_links":{"self":[{"href":"https:\/\/contraluzcucuta.co\/index.php?rest_route=\/wp\/v2\/posts\/26514","targetHints":{"allow":["GET"]}}],"collection":[{"href":"https:\/\/contraluzcucuta.co\/index.php?rest_route=\/wp\/v2\/posts"}],"about":[{"href":"https:\/\/contraluzcucuta.co\/index.php?rest_route=\/wp\/v2\/types\/post"}],"author":[{"embeddable":true,"href":"https:\/\/contraluzcucuta.co\/index.php?rest_route=\/wp\/v2\/users\/1"}],"replies":[{"embeddable":true,"href":"https:\/\/contraluzcucuta.co\/index.php?rest_route=%2Fwp%2Fv2%2Fcomments&post=26514"}],"version-history":[{"count":1,"href":"https:\/\/contraluzcucuta.co\/index.php?rest_route=\/wp\/v2\/posts\/26514\/revisions"}],"predecessor-version":[{"id":26516,"href":"https:\/\/contraluzcucuta.co\/index.php?rest_route=\/wp\/v2\/posts\/26514\/revisions\/26516"}],"wp:featuredmedia":[{"embeddable":true,"href":"https:\/\/contraluzcucuta.co\/index.php?rest_route=\/wp\/v2\/media\/26515"}],"wp:attachment":[{"href":"https:\/\/contraluzcucuta.co\/index.php?rest_route=%2Fwp%2Fv2%2Fmedia&parent=26514"}],"wp:term":[{"taxonomy":"category","embeddable":true,"href":"https:\/\/contraluzcucuta.co\/index.php?rest_route=%2Fwp%2Fv2%2Fcategories&post=26514"},{"taxonomy":"post_tag","embeddable":true,"href":"https:\/\/contraluzcucuta.co\/index.php?rest_route=%2Fwp%2Fv2%2Ftags&post=26514"}],"curies":[{"name":"wp","href":"https:\/\/api.w.org\/{rel}","templated":true}]}}