{"id":26499,"date":"2016-04-02T19:14:02","date_gmt":"2016-04-03T00:14:02","guid":{"rendered":"http:\/\/contraluzcucuta.co\/?p=26499"},"modified":"2016-04-02T19:14:02","modified_gmt":"2016-04-03T00:14:02","slug":"cucuta-deportivo-fecha-de-clasicos-en-el-torneo-de-la-b","status":"publish","type":"post","link":"https:\/\/contraluzcucuta.co\/?p=26499","title":{"rendered":"C\u00daCUTA DEPORTIVO. Fecha de cl\u00e1sicos en el torneo de la B"},"content":{"rendered":"<p><strong>C\u00daCUTA.-<\/strong> Luego de cumplir con el entrenamiento matutino en la cancha sint\u00e9tica \u2018La Cero\u2019, el conjunto rojinegro se traslad\u00f3 a Bucaramanga. Este 3 de abril afrontar\u00e1 la octava fecha del Torneo de la B 2016, ante Real Santander.<\/p>\n<p>El partido se disputar\u00e1 en el estadio \u2018\u00c1lvaro G\u00f3mez Hurtado\u2019, a las 3:00 de la tarde. Para el compromiso el profesor Miguel Augusto Prince convoc\u00f3 a los siguientes jugadores:<\/p>\n<p>Sergio Avellaneda, Diego Mart\u00ednez, Darwin Carrero, Oscar Caicedo, Jos\u00e9 David Lloreda, James Castro, Jhon Garc\u00eda, Hugo Soto, Roberto Nanni, Carlos Gallego, Mauricio Duarte, Jonathan P\u00e9rez, Jonathan Palacios, Nicol\u00e1s Palacios, J\u00fanior Rangel, V\u00edctor Asprilla y Diego Chica.<\/p>\n<p>Cumplido el juego, C\u00facuta Deportivo retornar\u00e1 a la ciudad en la noche. <\/p>\n","protected":false},"excerpt":{"rendered":"<p>C\u00daCUTA.- Luego de cumplir con el entrenamiento matutino en la cancha sint\u00e9tica \u2018La Cero\u2019, el conjunto rojinegro se traslad\u00f3 a Bucaramanga. Este 3 de abril afrontar\u00e1 la octava fecha del Torneo de la B 2016, ante Real Santander. El partido se disputar\u00e1 en el estadio \u2018\u00c1lvaro G\u00f3mez Hurtado\u2019, a las 3:00 de la tarde. Para &hellip;<\/p>\n","protected":false},"author":1,"featured_media":26500,"comment_status":"open","ping_status":"open","sticky":false,"template":"","format":"standard","meta":{"footnotes":""},"categories":[28],"tags":[2628,2686],"class_list":["post-26499","post","type-post","status-publish","format-standard","has-post-thumbnail","hentry","category-vistazo-deportivo","tag-cucuta-deportivo-2016","tag-real-santander"],"_links":{"self":[{"href":"https:\/\/contraluzcucuta.co\/index.php?rest_route=\/wp\/v2\/posts\/26499","targetHints":{"allow":["GET"]}}],"collection":[{"href":"https:\/\/contraluzcucuta.co\/index.php?rest_route=\/wp\/v2\/posts"}],"about":[{"href":"https:\/\/contraluzcucuta.co\/index.php?rest_route=\/wp\/v2\/types\/post"}],"author":[{"embeddable":true,"href":"https:\/\/contraluzcucuta.co\/index.php?rest_route=\/wp\/v2\/users\/1"}],"replies":[{"embeddable":true,"href":"https:\/\/contraluzcucuta.co\/index.php?rest_route=%2Fwp%2Fv2%2Fcomments&post=26499"}],"version-history":[{"count":1,"href":"https:\/\/contraluzcucuta.co\/index.php?rest_route=\/wp\/v2\/posts\/26499\/revisions"}],"predecessor-version":[{"id":26501,"href":"https:\/\/contraluzcucuta.co\/index.php?rest_route=\/wp\/v2\/posts\/26499\/revisions\/26501"}],"wp:featuredmedia":[{"embeddable":true,"href":"https:\/\/contraluzcucuta.co\/index.php?rest_route=\/wp\/v2\/media\/26500"}],"wp:attachment":[{"href":"https:\/\/contraluzcucuta.co\/index.php?rest_route=%2Fwp%2Fv2%2Fmedia&parent=26499"}],"wp:term":[{"taxonomy":"category","embeddable":true,"href":"https:\/\/contraluzcucuta.co\/index.php?rest_route=%2Fwp%2Fv2%2Fcategories&post=26499"},{"taxonomy":"post_tag","embeddable":true,"href":"https:\/\/contraluzcucuta.co\/index.php?rest_route=%2Fwp%2Fv2%2Ftags&post=26499"}],"curies":[{"name":"wp","href":"https:\/\/api.w.org\/{rel}","templated":true}]}}