{"id":26487,"date":"2016-03-31T22:44:52","date_gmt":"2016-04-01T03:44:52","guid":{"rendered":"http:\/\/contraluzcucuta.co\/?p=26487"},"modified":"2016-03-31T22:44:52","modified_gmt":"2016-04-01T03:44:52","slug":"unisimon-bolivar-herramientas-utiles-para-el-trabajo","status":"publish","type":"post","link":"https:\/\/contraluzcucuta.co\/?p=26487","title":{"rendered":"UNISIM\u00d3N BOL\u00cdVAR. HERRAMIENTAS \u00daTILES PARA EL TRABAJO"},"content":{"rendered":"<p><strong>C\u00daCUTA.-<\/strong> Frente a la nada alentadora cifra de desempleo que tiene el pa\u00eds, con 11,9 por ciento, reflejado a enero de 2016, seg\u00fan El Tiempo, la Universidad Sim\u00f3n Bol\u00edvar, extensi\u00f3n C\u00facuta, program\u00f3 una charla sobre Herramientas para la vida laboral, con el director comercial de la plataforma Trabajando.Com, para egresados y estudiantes pr\u00f3ximos a graduarse.<\/p>\n<p>\u201cM\u00e1s all\u00e1 de generar estos espacios promocionales de la plataforma, en los que los egresados pueden registrar la hoja de vida y aplicar a las ofertas laborales, estamos tambi\u00e9n d\u00e1ndoles unos consejos \u00fatiles para cuando les llegue la hora de salir a buscar trabajo. Vemos que hay muchas ganas de salir adelante, pero tambi\u00e9n observamos que falta m\u00e1s actitud din\u00e1mica frente a las oportunidades\u201d, dijo Elkin Molina, director comercial de Trabajando.com.<\/p>\n<p>Estas palabras de Molina son pertinentes para los espacios que se ofrecen a la comunidad acad\u00e9mica, con el fin de que los reci\u00e9n graduados y pr\u00f3ximos a graduarse comprendan todas las facilidades que tiene la Universidad Sim\u00f3n Bol\u00edvar para la inserci\u00f3n laboral de sus egresados.<\/p>\n<p>\u201cPor esto quisimos llegar con Tips como por ejemplo: C\u00f3mo utilizar las redes sociales, los canales de comunicaci\u00f3n efectivos, c\u00f3mo presentarse ante un p\u00fablico, as\u00ed como la importancia de tener claras nuestras metas y objetivos a corto, mediano y largo plazo\u201d. Complement\u00f3 Molina.<\/p>\n<p>Por su parte, para Martha Montero, egresada de Psicolog\u00eda en 2014, \u201cla situaci\u00f3n no ha sido tan f\u00e1cil para nosotros los egresados, ya que, aunque somos muy bien percibidos como profesionales, la oferta laboral de la regi\u00f3n es muy reducida y no satisface las expectativas de nosotros los psic\u00f3logos\u201d. No obstante, Montero lleva laborando m\u00e1s de 28 a\u00f1os en una empresa y espera, una vez logre su pensi\u00f3n, poder aplicar al sector salud a trav\u00e9s de la psicolog\u00eda.<\/p>\n<p>Casos como los de Martha Montero, son muchos en las regiones, as\u00ed lo explica para el peri\u00f3dico El Tiempo, el experto en econom\u00eda laboral, Jaime Tenjo, quien dice que en las 13 principales ciudades de Colombia donde se quiere controlar la inflaci\u00f3n con las altas tasas de inter\u00e9s, desacelerar\u00e1 la producci\u00f3n de las empresas aumentando el desempleo.<\/p>\n<p>\u201cla combinaci\u00f3n de alta inflaci\u00f3n y desempleo creciente es una de las situaciones m\u00e1s dif\u00edciles para la pol\u00edtica macroecon\u00f3mica porque las alzas de las tasas de inter\u00e9s que viene aplicando el Emisor buscan controlar la inflaci\u00f3n, pero tienen como efecto desacelerar la producci\u00f3n y, por ende, tienden a aumentar el desempleo\u201d. Explic\u00f3 Tenjo.<\/p>\n<p>Efectos como la desaceleraci\u00f3n econ\u00f3mica que sufren las 13 principales ciudades, hacen que en estas, all\u00ed se pase de 1,39 millones de desempleados en enero de 2015 a 1,68 millones, en enero de 2016.<\/p>\n<p>Sandra Vargas, coordinadora de la oficina de egresados de la Sim\u00f3n Bol\u00edvar, dijo por su parte que una de las apuestas m\u00e1s fuertes que tiene la oficina es fortalecer las competencias de nuestros egresados, y una de ellas es la empleabilidad, dotando a los futuros profesionales de herramientas \u00fatiles para que puedan ingresar de una manera menos traum\u00e1tica a la vida laboral, y as\u00ed no tener testimonios de me gradu\u00e9 pero no consigo trabajo.<\/p>\n<p>&nbsp; <\/p>\n","protected":false},"excerpt":{"rendered":"<p>C\u00daCUTA.- Frente a la nada alentadora cifra de desempleo que tiene el pa\u00eds, con 11,9 por ciento, reflejado a enero de 2016, seg\u00fan El Tiempo, la Universidad Sim\u00f3n Bol\u00edvar, extensi\u00f3n C\u00facuta, program\u00f3 una charla sobre Herramientas para la vida laboral, con el director comercial de la plataforma Trabajando.Com, para egresados y estudiantes pr\u00f3ximos a graduarse. &hellip;<\/p>\n","protected":false},"author":1,"featured_media":26488,"comment_status":"open","ping_status":"open","sticky":false,"template":"","format":"standard","meta":{"footnotes":""},"categories":[74],"tags":[2198],"class_list":["post-26487","post","type-post","status-publish","format-standard","has-post-thumbnail","hentry","category-aula-universitaria","tag-universidad-simon-bolivar-de-cucuta"],"_links":{"self":[{"href":"https:\/\/contraluzcucuta.co\/index.php?rest_route=\/wp\/v2\/posts\/26487","targetHints":{"allow":["GET"]}}],"collection":[{"href":"https:\/\/contraluzcucuta.co\/index.php?rest_route=\/wp\/v2\/posts"}],"about":[{"href":"https:\/\/contraluzcucuta.co\/index.php?rest_route=\/wp\/v2\/types\/post"}],"author":[{"embeddable":true,"href":"https:\/\/contraluzcucuta.co\/index.php?rest_route=\/wp\/v2\/users\/1"}],"replies":[{"embeddable":true,"href":"https:\/\/contraluzcucuta.co\/index.php?rest_route=%2Fwp%2Fv2%2Fcomments&post=26487"}],"version-history":[{"count":1,"href":"https:\/\/contraluzcucuta.co\/index.php?rest_route=\/wp\/v2\/posts\/26487\/revisions"}],"predecessor-version":[{"id":26489,"href":"https:\/\/contraluzcucuta.co\/index.php?rest_route=\/wp\/v2\/posts\/26487\/revisions\/26489"}],"wp:featuredmedia":[{"embeddable":true,"href":"https:\/\/contraluzcucuta.co\/index.php?rest_route=\/wp\/v2\/media\/26488"}],"wp:attachment":[{"href":"https:\/\/contraluzcucuta.co\/index.php?rest_route=%2Fwp%2Fv2%2Fmedia&parent=26487"}],"wp:term":[{"taxonomy":"category","embeddable":true,"href":"https:\/\/contraluzcucuta.co\/index.php?rest_route=%2Fwp%2Fv2%2Fcategories&post=26487"},{"taxonomy":"post_tag","embeddable":true,"href":"https:\/\/contraluzcucuta.co\/index.php?rest_route=%2Fwp%2Fv2%2Ftags&post=26487"}],"curies":[{"name":"wp","href":"https:\/\/api.w.org\/{rel}","templated":true}]}}