{"id":26481,"date":"2016-03-31T22:16:20","date_gmt":"2016-04-01T03:16:20","guid":{"rendered":"http:\/\/contraluzcucuta.co\/?p=26481"},"modified":"2016-03-31T22:16:20","modified_gmt":"2016-04-01T03:16:20","slug":"subsecretaria-de-la-juventud-de-la-mano-con-el-sena-para-formar-350-cucutenos","status":"publish","type":"post","link":"https:\/\/contraluzcucuta.co\/?p=26481","title":{"rendered":"SUBSECRETAR\u00cdA DE LA JUVENTUD. De la mano con el Sena para formar a 350 cucute\u00f1os"},"content":{"rendered":"<p>&nbsp;<\/p>\n<p><strong>C\u00daCUTA.-<\/strong> La Subsecretar\u00eda de la Juventud firm\u00f3 un convenio estudiantil con el Sena para beneficiar a 350 j\u00f3venes con formaci\u00f3n en carreras t\u00e9cnicas y tecnol\u00f3gicas, a partir de mayo.<\/p>\n<p>Los j\u00f3venes de escasos recursos que deseen estudiar tienen las siguientes opciones: carreras t\u00e9cnicas; sistemas, salud ocupacional y seguridad industrial, salvamento acu\u00e1tico y asistencia administrativa.<\/p>\n<p>Las tecnol\u00f3gicas son: producci\u00f3n multimedia, silvicultura y aprovechamiento de plantaciones forestales, contabilidad y finanzas, an\u00e1lisis y desarrollos de informaci\u00f3n, animaci\u00f3n y producci\u00f3n agr\u00edcola.<\/p>\n<p>Los requisitos para la inscripci\u00f3n son: fotocopia de la c\u00e9dula, dos fotos fondo azul tipo carnet, diploma de bachiller, acta de grado o certificado de noveno grado para el caso de los j\u00f3venes que deseen estudiar tecnolog\u00edas y deben hacerlos llegar a las oficinas de la Subsecretar\u00eda de la Juventud ubicada en la Av. 2 N\u00b0 14-40 barrio La Playa.<\/p>\n<p>La Administraci\u00f3n Municipal est\u00e1 comprometida con la educaci\u00f3n de los ni\u00f1os, j\u00f3venes y adolescentes de C\u00facuta y continuar\u00e1 apoy\u00e1ndolos para que sus estudios sean gratuitos y de calidad.<\/p>\n<p>&nbsp;<\/p>\n<p>&nbsp;<\/p>\n<p>&nbsp;<\/p>\n<p>&nbsp; <\/p>\n","protected":false},"excerpt":{"rendered":"<p>&nbsp; C\u00daCUTA.- La Subsecretar\u00eda de la Juventud firm\u00f3 un convenio estudiantil con el Sena para beneficiar a 350 j\u00f3venes con formaci\u00f3n en carreras t\u00e9cnicas y tecnol\u00f3gicas, a partir de mayo. Los j\u00f3venes de escasos recursos que deseen estudiar tienen las siguientes opciones: carreras t\u00e9cnicas; sistemas, salud ocupacional y seguridad industrial, salvamento acu\u00e1tico y asistencia administrativa. &hellip;<\/p>\n","protected":false},"author":1,"featured_media":26482,"comment_status":"open","ping_status":"open","sticky":false,"template":"","format":"standard","meta":{"footnotes":""},"categories":[2625],"tags":[226,2874],"class_list":["post-26481","post","type-post","status-publish","format-standard","has-post-thumbnail","hentry","category-alcaldia-de-cucuta","tag-alcaldia-de-cucuta","tag-subsecretaria-de-la-juventud"],"_links":{"self":[{"href":"https:\/\/contraluzcucuta.co\/index.php?rest_route=\/wp\/v2\/posts\/26481","targetHints":{"allow":["GET"]}}],"collection":[{"href":"https:\/\/contraluzcucuta.co\/index.php?rest_route=\/wp\/v2\/posts"}],"about":[{"href":"https:\/\/contraluzcucuta.co\/index.php?rest_route=\/wp\/v2\/types\/post"}],"author":[{"embeddable":true,"href":"https:\/\/contraluzcucuta.co\/index.php?rest_route=\/wp\/v2\/users\/1"}],"replies":[{"embeddable":true,"href":"https:\/\/contraluzcucuta.co\/index.php?rest_route=%2Fwp%2Fv2%2Fcomments&post=26481"}],"version-history":[{"count":1,"href":"https:\/\/contraluzcucuta.co\/index.php?rest_route=\/wp\/v2\/posts\/26481\/revisions"}],"predecessor-version":[{"id":26483,"href":"https:\/\/contraluzcucuta.co\/index.php?rest_route=\/wp\/v2\/posts\/26481\/revisions\/26483"}],"wp:featuredmedia":[{"embeddable":true,"href":"https:\/\/contraluzcucuta.co\/index.php?rest_route=\/wp\/v2\/media\/26482"}],"wp:attachment":[{"href":"https:\/\/contraluzcucuta.co\/index.php?rest_route=%2Fwp%2Fv2%2Fmedia&parent=26481"}],"wp:term":[{"taxonomy":"category","embeddable":true,"href":"https:\/\/contraluzcucuta.co\/index.php?rest_route=%2Fwp%2Fv2%2Fcategories&post=26481"},{"taxonomy":"post_tag","embeddable":true,"href":"https:\/\/contraluzcucuta.co\/index.php?rest_route=%2Fwp%2Fv2%2Ftags&post=26481"}],"curies":[{"name":"wp","href":"https:\/\/api.w.org\/{rel}","templated":true}]}}