{"id":26474,"date":"2016-03-31T18:00:38","date_gmt":"2016-03-31T23:00:38","guid":{"rendered":"http:\/\/contraluzcucuta.co\/?p=26474"},"modified":"2016-03-31T18:00:38","modified_gmt":"2016-03-31T23:00:38","slug":"rueda-de-prensa-victimas-del-conflicto-armado","status":"publish","type":"post","link":"https:\/\/contraluzcucuta.co\/?p=26474","title":{"rendered":"RUEDA DE PRENSA. V\u00edctimas del conflicto armado"},"content":{"rendered":"<p>Fecha: Primero de abril<\/p>\n<p>Hora: 10:00 de la ma\u00f1ana<\/p>\n<p>Lugar: Biblioteca julio P\u00e9rez ferrero<\/p>\n<p>Invita: Alcald\u00eda de C\u00facuta <\/p>\n","protected":false},"excerpt":{"rendered":"<p>Fecha: Primero de abril Hora: 10:00 de la ma\u00f1ana Lugar: Biblioteca julio P\u00e9rez ferrero Invita: Alcald\u00eda de C\u00facuta<\/p>\n","protected":false},"author":1,"featured_media":26475,"comment_status":"open","ping_status":"open","sticky":false,"template":"","format":"standard","meta":{"footnotes":""},"categories":[2625],"tags":[226,2871],"class_list":["post-26474","post","type-post","status-publish","format-standard","has-post-thumbnail","hentry","category-alcaldia-de-cucuta","tag-alcaldia-de-cucuta","tag-rueda-de-prensa"],"_links":{"self":[{"href":"https:\/\/contraluzcucuta.co\/index.php?rest_route=\/wp\/v2\/posts\/26474","targetHints":{"allow":["GET"]}}],"collection":[{"href":"https:\/\/contraluzcucuta.co\/index.php?rest_route=\/wp\/v2\/posts"}],"about":[{"href":"https:\/\/contraluzcucuta.co\/index.php?rest_route=\/wp\/v2\/types\/post"}],"author":[{"embeddable":true,"href":"https:\/\/contraluzcucuta.co\/index.php?rest_route=\/wp\/v2\/users\/1"}],"replies":[{"embeddable":true,"href":"https:\/\/contraluzcucuta.co\/index.php?rest_route=%2Fwp%2Fv2%2Fcomments&post=26474"}],"version-history":[{"count":1,"href":"https:\/\/contraluzcucuta.co\/index.php?rest_route=\/wp\/v2\/posts\/26474\/revisions"}],"predecessor-version":[{"id":26476,"href":"https:\/\/contraluzcucuta.co\/index.php?rest_route=\/wp\/v2\/posts\/26474\/revisions\/26476"}],"wp:featuredmedia":[{"embeddable":true,"href":"https:\/\/contraluzcucuta.co\/index.php?rest_route=\/wp\/v2\/media\/26475"}],"wp:attachment":[{"href":"https:\/\/contraluzcucuta.co\/index.php?rest_route=%2Fwp%2Fv2%2Fmedia&parent=26474"}],"wp:term":[{"taxonomy":"category","embeddable":true,"href":"https:\/\/contraluzcucuta.co\/index.php?rest_route=%2Fwp%2Fv2%2Fcategories&post=26474"},{"taxonomy":"post_tag","embeddable":true,"href":"https:\/\/contraluzcucuta.co\/index.php?rest_route=%2Fwp%2Fv2%2Ftags&post=26474"}],"curies":[{"name":"wp","href":"https:\/\/api.w.org\/{rel}","templated":true}]}}