{"id":26471,"date":"2016-03-31T17:48:48","date_gmt":"2016-03-31T22:48:48","guid":{"rendered":"http:\/\/contraluzcucuta.co\/?p=26471"},"modified":"2016-03-31T17:48:48","modified_gmt":"2016-03-31T22:48:48","slug":"aguas-kapital-regresan-las-veladas-culturales","status":"publish","type":"post","link":"https:\/\/contraluzcucuta.co\/?p=26471","title":{"rendered":"AGUAS KAPITAL. Regresan las veladas culturales"},"content":{"rendered":"<p><strong>C\u00daCUTA.-<\/strong> Luego de que la celebraci\u00f3n de la Semana Mayor permitiera unos d\u00edas de paz, espiritualidad y cese de actividades laborales, Aguas Kpital C\u00facuta mantiene el apoyo al talento local. La empresa da la bienvenida oficial a abril con el regreso de las veladas culturales. La jornada se llevar\u00e1 a cabo junto al CAI de El Malec\u00f3n.<\/p>\n<p>El grupo encargado de poner a bailar a los asistentes es \u2018La Fuerza Vallenata\u2019. La agrupaci\u00f3n interpretar\u00e1 temas de estilo cl\u00e1sico y moderno al son de la caja, la guacharaca y el acorde\u00f3n. Los m\u00fasicos invitados reiterar\u00e1n por qu\u00e9 el vallenato ha sido declarado por la Unesco patrimonio cultural inmaterial de la humanidad.<\/p>\n<p>A la jornada de esparcimiento cultural y fiestera no se debe faltar. La diversi\u00f3n est\u00e1 garantizada en un espacio que la empresa ha creado para iniciar de manera diferente el fin de semana.<\/p>\n<p>La entrada es libre y el espect\u00e1culo comenzar\u00e1 a las 7 de la noche. Aguas Kpital C\u00facuta, orgullosamente cucute\u00f1a, tiene 10 a\u00f1os de experiencia en el \u00a0trabajo por el bienestar de la comunidad.<\/p>\n<p><strong>Afiche: PRENSA AGUAS KPITAL<\/strong> <\/p>\n","protected":false},"excerpt":{"rendered":"<p>C\u00daCUTA.- Luego de que la celebraci\u00f3n de la Semana Mayor permitiera unos d\u00edas de paz, espiritualidad y cese de actividades laborales, Aguas Kpital C\u00facuta mantiene el apoyo al talento local. La empresa da la bienvenida oficial a abril con el regreso de las veladas culturales. La jornada se llevar\u00e1 a cabo junto al CAI de &hellip;<\/p>\n","protected":false},"author":1,"featured_media":26472,"comment_status":"open","ping_status":"open","sticky":false,"template":"","format":"standard","meta":{"footnotes":""},"categories":[36],"tags":[1270,2257],"class_list":["post-26471","post","type-post","status-publish","format-standard","has-post-thumbnail","hentry","category-la-voz-del-pueblo","tag-aguas-kpital-cucuta","tag-veladas-culturales"],"_links":{"self":[{"href":"https:\/\/contraluzcucuta.co\/index.php?rest_route=\/wp\/v2\/posts\/26471","targetHints":{"allow":["GET"]}}],"collection":[{"href":"https:\/\/contraluzcucuta.co\/index.php?rest_route=\/wp\/v2\/posts"}],"about":[{"href":"https:\/\/contraluzcucuta.co\/index.php?rest_route=\/wp\/v2\/types\/post"}],"author":[{"embeddable":true,"href":"https:\/\/contraluzcucuta.co\/index.php?rest_route=\/wp\/v2\/users\/1"}],"replies":[{"embeddable":true,"href":"https:\/\/contraluzcucuta.co\/index.php?rest_route=%2Fwp%2Fv2%2Fcomments&post=26471"}],"version-history":[{"count":1,"href":"https:\/\/contraluzcucuta.co\/index.php?rest_route=\/wp\/v2\/posts\/26471\/revisions"}],"predecessor-version":[{"id":26473,"href":"https:\/\/contraluzcucuta.co\/index.php?rest_route=\/wp\/v2\/posts\/26471\/revisions\/26473"}],"wp:featuredmedia":[{"embeddable":true,"href":"https:\/\/contraluzcucuta.co\/index.php?rest_route=\/wp\/v2\/media\/26472"}],"wp:attachment":[{"href":"https:\/\/contraluzcucuta.co\/index.php?rest_route=%2Fwp%2Fv2%2Fmedia&parent=26471"}],"wp:term":[{"taxonomy":"category","embeddable":true,"href":"https:\/\/contraluzcucuta.co\/index.php?rest_route=%2Fwp%2Fv2%2Fcategories&post=26471"},{"taxonomy":"post_tag","embeddable":true,"href":"https:\/\/contraluzcucuta.co\/index.php?rest_route=%2Fwp%2Fv2%2Ftags&post=26471"}],"curies":[{"name":"wp","href":"https:\/\/api.w.org\/{rel}","templated":true}]}}