{"id":26454,"date":"2016-03-30T21:17:31","date_gmt":"2016-03-31T02:17:31","guid":{"rendered":"http:\/\/contraluzcucuta.co\/?p=26454"},"modified":"2016-03-30T21:17:31","modified_gmt":"2016-03-31T02:17:31","slug":"restitucion-de-tierras-sentencia-favorece-familia-desplazada","status":"publish","type":"post","link":"https:\/\/contraluzcucuta.co\/?p=26454","title":{"rendered":"RESTITUCI\u00d3N DE TIERRAS. Sentencia favorece a familia desplazada"},"content":{"rendered":"<p><strong>C\u00daCUTA.-<\/strong> \u201cLos paramilitares me dijeron que si mi esposo no aparec\u00eda se llevaban mis hijos, y yo no tuve hijos para un conflicto armado del que yo no tengo la culpa. Por eso fue me fui y dej\u00e9 todo&#8221;. Isabel (*) ahora encontr\u00f3 la compensaci\u00f3n a esos d\u00edas de angustia y dolor. Una sentencia de restituci\u00f3n de tierras le permitir\u00e1 disfrutar de un predio urbano similar al que le despojaron.<\/p>\n<p>La mujer, el esposo y los tres hijos\u00a0 fueron desplazados forzosamente a causa de las amenazas contra la vida. Adem\u00e1s, los mcuchachos corr\u00edan el riesgo de ser reclutados por los paramilitares comandados por alias \u2018El Gringo\u2019. Los hechos ocurrieron en Villa del Rosario (Norte de Santander).<\/p>\n<p>La sentencia reconoci\u00f3 el derecho fundamental de la restituci\u00f3n jur\u00eddica y material de la familia sobre el predio urbano, con la modalidad de compensaci\u00f3n material. Los favorecidos recibir\u00e1n otro predio urbano con similares caracter\u00edsticas al solicitado en restituci\u00f3n, ubicado en el municipio donde actualmente residen y en condiciones de una vivienda digna.<\/p>\n<p>Isabel*, la solicitante de restituci\u00f3n, ha superado los m\u00faltiples retos que el conflicto armado trajo a su vida. Primero, se convirti\u00f3 en cabeza de hogar y responsable de Los tres hijos, cuando el esposo huy\u00f3 por amenazas de muerte, de parte de las Auc. Despu\u00e9s, evit\u00f3 a todo costo que los hijos fueran reclutados para la guerra por el grupo armado ilegal.<\/p>\n<p>Un triunfo importante llega ahora a la vida de esta muer y su familia, al ser beneficiada por la sentencia de restituci\u00f3n de tierras. El Tribunal Superior del Distrito Judicial de C\u00facuta decidi\u00f3 compensarlos con otro predio, teniendo en cuenta el temor fundado de retornar al lugar de donde tuvieron que huir y el arraigo cultural que ahora tiene el n\u00facleo familiar con la ciudad donde fijaron la residencia, hace m\u00e1s de nueve a\u00f1os.<\/p>\n<p>Depositando su confianza en la Ley 1448, con esta son 62 las familias nortesantandereanas, v\u00edctimas de despojo, que han recuperado las tierras mediante sentencias de restituci\u00f3n que propenden por garantizar el derecho a la reparaci\u00f3n integral.<\/p>\n<p><strong>Enfoque diferencial<\/strong><\/p>\n<p>Es clave la prelaci\u00f3n que se dio a esta solicitud de restituci\u00f3n de tierras, en acato al principio de enfoque diferencial previsto en la ley. Esto, teniendo en cuenta que la solicitante manifest\u00f3 la condici\u00f3n de mujer v\u00edctima del conflicto, lo cual la hace merecedora de un trato preferente, para materializar el goce efectivo de sus derechos fundamentales.<\/p>\n<p>El trato prioritario contemplado por la ley en estos casos se da teniendo en cuenta que a las mujeres que han sufrido el desplazamiento se encuentran en riesgo acentuado, circunstancia que impone a las autoridades estatales a todo nivel, adoptar medidas de diferenciaci\u00f3n positiva, para atender sus condiciones de especial vulnerabilidad, como en el caso de Isabel.<\/p>\n<p>La sentencia de restituci\u00f3n de tierras, con enfoque diferencial del que ha sido objeto Isabel y su familia, les permite alcanzar una estabilidad sin renunciar o interrumpir el proyecto de vida que han emprendido, en el lugar donde hace 9 a\u00f1os consolidaron ra\u00edces y donde ahora, amparados por el Estado, encuentran paz y una vida digna.<\/p>\n<p>*Nombres cambiados.<\/p>\n<p><strong>Foto: (@URestituci\u00f3n)<\/strong><\/p>\n<p><strong>\u00a0<\/strong> <\/p>\n","protected":false},"excerpt":{"rendered":"<p>C\u00daCUTA.- \u201cLos paramilitares me dijeron que si mi esposo no aparec\u00eda se llevaban mis hijos, y yo no tuve hijos para un conflicto armado del que yo no tengo la culpa. Por eso fue me fui y dej\u00e9 todo&#8221;. Isabel (*) ahora encontr\u00f3 la compensaci\u00f3n a esos d\u00edas de angustia y dolor. Una sentencia de &hellip;<\/p>\n","protected":false},"author":1,"featured_media":26455,"comment_status":"open","ping_status":"open","sticky":false,"template":"","format":"standard","meta":{"footnotes":""},"categories":[4,5],"tags":[157,669],"class_list":["post-26454","post","type-post","status-publish","format-standard","has-post-thumbnail","hentry","category-barra","category-justicia-transicional","tag-justicia-transicional-2","tag-restitucion-de-tierras-en-norte-de-santander"],"_links":{"self":[{"href":"https:\/\/contraluzcucuta.co\/index.php?rest_route=\/wp\/v2\/posts\/26454","targetHints":{"allow":["GET"]}}],"collection":[{"href":"https:\/\/contraluzcucuta.co\/index.php?rest_route=\/wp\/v2\/posts"}],"about":[{"href":"https:\/\/contraluzcucuta.co\/index.php?rest_route=\/wp\/v2\/types\/post"}],"author":[{"embeddable":true,"href":"https:\/\/contraluzcucuta.co\/index.php?rest_route=\/wp\/v2\/users\/1"}],"replies":[{"embeddable":true,"href":"https:\/\/contraluzcucuta.co\/index.php?rest_route=%2Fwp%2Fv2%2Fcomments&post=26454"}],"version-history":[{"count":1,"href":"https:\/\/contraluzcucuta.co\/index.php?rest_route=\/wp\/v2\/posts\/26454\/revisions"}],"predecessor-version":[{"id":26456,"href":"https:\/\/contraluzcucuta.co\/index.php?rest_route=\/wp\/v2\/posts\/26454\/revisions\/26456"}],"wp:featuredmedia":[{"embeddable":true,"href":"https:\/\/contraluzcucuta.co\/index.php?rest_route=\/wp\/v2\/media\/26455"}],"wp:attachment":[{"href":"https:\/\/contraluzcucuta.co\/index.php?rest_route=%2Fwp%2Fv2%2Fmedia&parent=26454"}],"wp:term":[{"taxonomy":"category","embeddable":true,"href":"https:\/\/contraluzcucuta.co\/index.php?rest_route=%2Fwp%2Fv2%2Fcategories&post=26454"},{"taxonomy":"post_tag","embeddable":true,"href":"https:\/\/contraluzcucuta.co\/index.php?rest_route=%2Fwp%2Fv2%2Ftags&post=26454"}],"curies":[{"name":"wp","href":"https:\/\/api.w.org\/{rel}","templated":true}]}}