{"id":26445,"date":"2016-03-30T20:53:56","date_gmt":"2016-03-31T01:53:56","guid":{"rendered":"http:\/\/contraluzcucuta.co\/?p=26445"},"modified":"2016-04-02T22:31:09","modified_gmt":"2016-04-03T03:31:09","slug":"foro-departamental-norte-de-santander-territorio-y-esperanza-de-paz","status":"publish","type":"post","link":"https:\/\/contraluzcucuta.co\/?p=26445","title":{"rendered":"FORO DEPARTAMENTAL. Norte de Santander, territorio y esperanza de paz"},"content":{"rendered":"<p><strong>C\u00daCUTA<\/strong>. Norte de Santander ha sido duramente golpeado por diferentes din\u00e1micas de la violencia pol\u00edtica. As\u00ed lo demuestran las m\u00e1s de 254.000 v\u00edctimas reconocidas por el Estado.<\/p>\n<p>La violencia paramilitar, implementada como pol\u00edtica y estrategia de Estado, dirigi\u00f3 una persecuci\u00f3n contra los sectores sociales y populares. Tambi\u00e9n, agentes del Estado (FFMM y Polic\u00eda), han sido responsables de graves violaciones de derechos humanos, siendo los casos de ejecuciones extrajudiciales uno de los m\u00e1s graves y conocidos.<\/p>\n<p>Hacen presencia las organizaciones armadas insurgentes Eln, Farc-Ep y Epl desde hace varias d\u00e9cadas. Por eso es una imperiosa necesidad conocer y analizar el desarrollo del proceso de di\u00e1logo con las Farc y lo que implica para el departamento la implementaci\u00f3n de lo acordado.<\/p>\n<p>El proceso de di\u00e1logo, que comenz\u00f3 el 26 de agosto de 2012, se desarrolla en la Mesa de Conversaciones de La Habana y ha tenido 46 ciclos de conversaciones, se han emitido 67 comunicados conjuntos, se han dado a conocer varios informes conjuntos y se han alcanzado algunos acuerdos parciales sobre:<\/p>\n<p>1.- Hacia un nuevo campo colombiano. Desarrollo Agrario Integral.<\/p>\n<p>2.- Apertura Democr\u00e1tica. Participaci\u00f3n pol\u00edtica<\/p>\n<p>3.- Fin del conflicto<\/p>\n<p>4.- Soluci\u00f3n al problema de las drogas il\u00edcitas<\/p>\n<p>5.- Victimas.<\/p>\n<p>6.- Verificaci\u00f3n, refrendaci\u00f3n e implementaci\u00f3n.<\/p>\n<p>Sin embargo, a pesar de lo mencionado en el acuerdo general: el compromiso de hacer una difusi\u00f3n efectiva y animar la participaci\u00f3n de todos, no ha sido as\u00ed. Muy por el contrario, lo que llega es desinformaci\u00f3n, muchas veces promovida por los opositores al proceso.<\/p>\n<p>Poco o nada sabe la ciudadan\u00eda sobre el desarrollo y el avance en los acuerdos. Solo tenemos acceso a informaci\u00f3n m\u00ednima o b\u00e1sica, sesgada y malintencionada. Lo que s\u00ed es evidente es el inter\u00e9s del establecimiento y los c\u00edrculos pol\u00edticos que tienen un voraz apetito y toda una experiencia en corrupci\u00f3n, de proponer y manejar los recursos y las pol\u00edticas p\u00fablicas que se puedan generar producto del postacuerdo.<\/p>\n<p>Vemos con alerta y preocupaci\u00f3n c\u00f3mo no solo empiezan a generar una institucionalidad como el Consejo Departamental de Paz y el Centro de Inspiraci\u00f3n para la Paz, conformado de manera arbitraria y excluyente, dejando por fuera a quienes deben ser los protagonistas, las v\u00edctimas y los sectores sociales y populares, y las organizaciones que trabajan por los derechos humanos y la paz en el departamento.<\/p>\n<p>La paz nos interesa y nos compromete a todos, no solo a quienes ven all\u00ed un banquete de proyectos y recursos. Por todo lo anterior es urgente, necesario e importante nuestra participaci\u00f3n efectiva en las iniciativas de difusi\u00f3n, y en generar espacios para la unidad del movimiento social y pol\u00edtico, en procura de apoyar la salida pol\u00edtica y negociada al conflicto armado, pol\u00edtico, econ\u00f3mico y social que vivimos, y para que nuestras propuestas en todos los temas de dialogo y en el proceso de verificaci\u00f3n, refrendaci\u00f3n e implementaci\u00f3n, sean tenidas en cuenta.<\/p>\n<p><strong>Marcha Patri\u00f3tica &#8211; Movice Cap\u00edtulo Norte de Santander \u2013 Proceso \u00a0Constituyente y Corporaci\u00f3n Poderpaz.<\/strong><\/p>\n<p><strong>Foto: <\/strong> <\/p>\n","protected":false},"excerpt":{"rendered":"<p>C\u00daCUTA. Norte de Santander ha sido duramente golpeado por diferentes din\u00e1micas de la violencia pol\u00edtica. As\u00ed lo demuestran las m\u00e1s de 254.000 v\u00edctimas reconocidas por el Estado. La violencia paramilitar, implementada como pol\u00edtica y estrategia de Estado, dirigi\u00f3 una persecuci\u00f3n contra los sectores sociales y populares. Tambi\u00e9n, agentes del Estado (FFMM y Polic\u00eda), han sido &hellip;<\/p>\n","protected":false},"author":1,"featured_media":26446,"comment_status":"open","ping_status":"open","sticky":false,"template":"","format":"standard","meta":{"footnotes":""},"categories":[4,5,32],"tags":[2865,157,2862,2863,2864],"class_list":["post-26445","post","type-post","status-publish","format-standard","has-post-thumbnail","hentry","category-barra","category-justicia-transicional","category-recorrido-por-la-region","tag-corporacion-poderpaz","tag-justicia-transicional-2","tag-marcha-patriotica","tag-movice-capitulo-norte-de-santander","tag-proceso-constituyente"],"_links":{"self":[{"href":"https:\/\/contraluzcucuta.co\/index.php?rest_route=\/wp\/v2\/posts\/26445","targetHints":{"allow":["GET"]}}],"collection":[{"href":"https:\/\/contraluzcucuta.co\/index.php?rest_route=\/wp\/v2\/posts"}],"about":[{"href":"https:\/\/contraluzcucuta.co\/index.php?rest_route=\/wp\/v2\/types\/post"}],"author":[{"embeddable":true,"href":"https:\/\/contraluzcucuta.co\/index.php?rest_route=\/wp\/v2\/users\/1"}],"replies":[{"embeddable":true,"href":"https:\/\/contraluzcucuta.co\/index.php?rest_route=%2Fwp%2Fv2%2Fcomments&post=26445"}],"version-history":[{"count":1,"href":"https:\/\/contraluzcucuta.co\/index.php?rest_route=\/wp\/v2\/posts\/26445\/revisions"}],"predecessor-version":[{"id":26447,"href":"https:\/\/contraluzcucuta.co\/index.php?rest_route=\/wp\/v2\/posts\/26445\/revisions\/26447"}],"wp:featuredmedia":[{"embeddable":true,"href":"https:\/\/contraluzcucuta.co\/index.php?rest_route=\/wp\/v2\/media\/26446"}],"wp:attachment":[{"href":"https:\/\/contraluzcucuta.co\/index.php?rest_route=%2Fwp%2Fv2%2Fmedia&parent=26445"}],"wp:term":[{"taxonomy":"category","embeddable":true,"href":"https:\/\/contraluzcucuta.co\/index.php?rest_route=%2Fwp%2Fv2%2Fcategories&post=26445"},{"taxonomy":"post_tag","embeddable":true,"href":"https:\/\/contraluzcucuta.co\/index.php?rest_route=%2Fwp%2Fv2%2Ftags&post=26445"}],"curies":[{"name":"wp","href":"https:\/\/api.w.org\/{rel}","templated":true}]}}