{"id":26442,"date":"2016-03-30T05:56:52","date_gmt":"2016-03-30T10:56:52","guid":{"rendered":"http:\/\/contraluzcucuta.co\/?p=26442"},"modified":"2016-03-30T05:56:52","modified_gmt":"2016-03-30T10:56:52","slug":"secretaria-de-educacion-inaugurada-sede-educativa-gilma-casado-de-vila","status":"publish","type":"post","link":"https:\/\/contraluzcucuta.co\/?p=26442","title":{"rendered":"SECRETAR\u00cdA DE EDUCACI\u00d3N. Inaugurada sede educativa Gilma Casado de Vila"},"content":{"rendered":"<p><strong>C\u00daCUTA.-<\/strong> El alcalde Cesar Rojas Ayala y la Secretaria de Educaci\u00f3n Municipal, Indira P\u00e9rez P\u00e9rez, inauguraron la sede Gilma Casado de Vila, en el barrio La \u00cdnsula. Pertenece a la instituci\u00f3n educativa Eustorgio Colmenares Baptista. Tiene capacidad para 155 estudiantes.<\/p>\n<p>\u201cEsta es una sede que necesitaba de la reforma que se le hizo. Estamos dispuestos a apoyar las intervenciones que necesiten las instituciones en cuanto a aulas, escenarios deportivos y comedores escolares para mejorar la calidad de la educaci\u00f3n de los ni\u00f1os de la ciudad\u201d, dijo el alcalde.<\/p>\n<p>La sede cuenta con cinco aulas adaptadas a la capacidad de los estudiantes de cuarto y quinto grados, que a partir del lunes se trasladar\u00e1n de las otras sedes para quedar cerca a las viviendas.<\/p>\n<p>Rojas Ayala escuch\u00f3 las peticiones de los vecinos del sector y se comprometi\u00f3 a destinar recursos para pavimentar, con la estrategia Comunidad-Gobierno, la calle aleda\u00f1a al plantel y enviar personal id\u00f3neo y capacitado para que los menores reciban educaci\u00f3n de calidad.<\/p>\n<p><strong>Foto: PRENSA ALCALD\u00cdA<\/strong> <\/p>\n","protected":false},"excerpt":{"rendered":"<p>C\u00daCUTA.- El alcalde Cesar Rojas Ayala y la Secretaria de Educaci\u00f3n Municipal, Indira P\u00e9rez P\u00e9rez, inauguraron la sede Gilma Casado de Vila, en el barrio La \u00cdnsula. Pertenece a la instituci\u00f3n educativa Eustorgio Colmenares Baptista. Tiene capacidad para 155 estudiantes. \u201cEsta es una sede que necesitaba de la reforma que se le hizo. Estamos dispuestos &hellip;<\/p>\n","protected":false},"author":1,"featured_media":26443,"comment_status":"open","ping_status":"open","sticky":false,"template":"","format":"standard","meta":{"footnotes":""},"categories":[2625],"tags":[226,2861],"class_list":["post-26442","post","type-post","status-publish","format-standard","has-post-thumbnail","hentry","category-alcaldia-de-cucuta","tag-alcaldia-de-cucuta","tag-secretaria-de-educacion"],"_links":{"self":[{"href":"https:\/\/contraluzcucuta.co\/index.php?rest_route=\/wp\/v2\/posts\/26442","targetHints":{"allow":["GET"]}}],"collection":[{"href":"https:\/\/contraluzcucuta.co\/index.php?rest_route=\/wp\/v2\/posts"}],"about":[{"href":"https:\/\/contraluzcucuta.co\/index.php?rest_route=\/wp\/v2\/types\/post"}],"author":[{"embeddable":true,"href":"https:\/\/contraluzcucuta.co\/index.php?rest_route=\/wp\/v2\/users\/1"}],"replies":[{"embeddable":true,"href":"https:\/\/contraluzcucuta.co\/index.php?rest_route=%2Fwp%2Fv2%2Fcomments&post=26442"}],"version-history":[{"count":1,"href":"https:\/\/contraluzcucuta.co\/index.php?rest_route=\/wp\/v2\/posts\/26442\/revisions"}],"predecessor-version":[{"id":26444,"href":"https:\/\/contraluzcucuta.co\/index.php?rest_route=\/wp\/v2\/posts\/26442\/revisions\/26444"}],"wp:featuredmedia":[{"embeddable":true,"href":"https:\/\/contraluzcucuta.co\/index.php?rest_route=\/wp\/v2\/media\/26443"}],"wp:attachment":[{"href":"https:\/\/contraluzcucuta.co\/index.php?rest_route=%2Fwp%2Fv2%2Fmedia&parent=26442"}],"wp:term":[{"taxonomy":"category","embeddable":true,"href":"https:\/\/contraluzcucuta.co\/index.php?rest_route=%2Fwp%2Fv2%2Fcategories&post=26442"},{"taxonomy":"post_tag","embeddable":true,"href":"https:\/\/contraluzcucuta.co\/index.php?rest_route=%2Fwp%2Fv2%2Ftags&post=26442"}],"curies":[{"name":"wp","href":"https:\/\/api.w.org\/{rel}","templated":true}]}}