{"id":26433,"date":"2016-03-28T22:48:25","date_gmt":"2016-03-29T03:48:25","guid":{"rendered":"http:\/\/contraluzcucuta.co\/?p=26433"},"modified":"2016-03-28T22:48:25","modified_gmt":"2016-03-29T03:48:25","slug":"alta-consejeria-los-discapacitados-deben-tener-atencion-prioritaria","status":"publish","type":"post","link":"https:\/\/contraluzcucuta.co\/?p=26433","title":{"rendered":"ALTA CONSEJER\u00cdA. \u00a0Los discapacitados deben tener \u00a0atenci\u00f3n prioritaria"},"content":{"rendered":"<p><strong>C\u00daCUTA.-<\/strong> Una de las prioridades para la administraci\u00f3n departamental es la inmersi\u00f3n de la poblaci\u00f3n discapacitada en los \u00e1mbitos de la sociedad. Esta fue una de las apreciaciones del Alto Consejero para la Discapacidad en Norte de Santander, Jes\u00fas Romero. El funcionario recalc\u00f3 que para lograrlo se debe proveer de herramientas a quienes padecen enfermedades.<\/p>\n<p>El gobernador William Villamizar se ha interesado en crear programas para mejorar la calidad de vida de quienes afrontan la condici\u00f3n de discapacidad. Uno de los objetivos es implementar el desarrollo de competencias y mayores posibilidades de inserci\u00f3n laboral.<\/p>\n<p>Otra propuesta es la atenci\u00f3n integral con alto sentido humano en \u00e1reas de especializaci\u00f3n que les permitan lograr un mejor desarrollo y ser m\u00e1s independientes y aut\u00f3nomos.<\/p>\n<p>Entre los retos para el pr\u00f3ximo cuatrienio destacan:<\/p>\n<p>1.- La inclusi\u00f3n laboral para discapacitados<\/p>\n<p>2.- El mejoramiento de la atenci\u00f3n prioritaria en salud<\/p>\n<p>3.- La implementaci\u00f3n de estrategias y acciones para la inclusi\u00f3n educativa y sociocultural de la poblaci\u00f3n.<\/p>\n<p>\u201cHemos adelantado con nuestro equipo, un trabajo de sensibilizaci\u00f3n por medio de manifestaciones art\u00edsticas. Se \u00a0busca que la poblaci\u00f3n tome conciencia de las posibilidades que tienen para ser incluidos en la sociedad\u201d, dijo Romero.<\/p>\n<p>Seg\u00fan el Registro de Localizaci\u00f3n y Caracterizaci\u00f3n de Personas con Discapacidad del Ministerio de Salud y Protecci\u00f3n Social, en Norte de Santander hay alrededor de 30.200. Jes\u00fas Romero consider\u00f3 necesario contrastar las cifras, porque pueden ascender a 75.000.<\/p>\n<p>Esto indica que las ayudas y los programas necesarios para la atenci\u00f3n deben abarcar una cobertura m\u00e1s amplia para verificar las condiciones en que viven y planificar acciones para suplir los requerimientos b\u00e1sicos.<\/p>\n<p><strong>Foto: PRENSA GOBERNACI\u00d3N<\/strong><\/p>\n<p>&nbsp; <\/p>\n","protected":false},"excerpt":{"rendered":"<p>C\u00daCUTA.- Una de las prioridades para la administraci\u00f3n departamental es la inmersi\u00f3n de la poblaci\u00f3n discapacitada en los \u00e1mbitos de la sociedad. Esta fue una de las apreciaciones del Alto Consejero para la Discapacidad en Norte de Santander, Jes\u00fas Romero. El funcionario recalc\u00f3 que para lograrlo se debe proveer de herramientas a quienes padecen enfermedades. &hellip;<\/p>\n","protected":false},"author":1,"featured_media":26434,"comment_status":"open","ping_status":"open","sticky":false,"template":"","format":"standard","meta":{"footnotes":""},"categories":[32],"tags":[2860,904,854],"class_list":["post-26433","post","type-post","status-publish","format-standard","has-post-thumbnail","hentry","category-recorrido-por-la-region","tag-alta-consejeria-para-los-discapacitados","tag-discapacitados-en-norte-de-santander","tag-jesus-romero"],"_links":{"self":[{"href":"https:\/\/contraluzcucuta.co\/index.php?rest_route=\/wp\/v2\/posts\/26433","targetHints":{"allow":["GET"]}}],"collection":[{"href":"https:\/\/contraluzcucuta.co\/index.php?rest_route=\/wp\/v2\/posts"}],"about":[{"href":"https:\/\/contraluzcucuta.co\/index.php?rest_route=\/wp\/v2\/types\/post"}],"author":[{"embeddable":true,"href":"https:\/\/contraluzcucuta.co\/index.php?rest_route=\/wp\/v2\/users\/1"}],"replies":[{"embeddable":true,"href":"https:\/\/contraluzcucuta.co\/index.php?rest_route=%2Fwp%2Fv2%2Fcomments&post=26433"}],"version-history":[{"count":1,"href":"https:\/\/contraluzcucuta.co\/index.php?rest_route=\/wp\/v2\/posts\/26433\/revisions"}],"predecessor-version":[{"id":26435,"href":"https:\/\/contraluzcucuta.co\/index.php?rest_route=\/wp\/v2\/posts\/26433\/revisions\/26435"}],"wp:featuredmedia":[{"embeddable":true,"href":"https:\/\/contraluzcucuta.co\/index.php?rest_route=\/wp\/v2\/media\/26434"}],"wp:attachment":[{"href":"https:\/\/contraluzcucuta.co\/index.php?rest_route=%2Fwp%2Fv2%2Fmedia&parent=26433"}],"wp:term":[{"taxonomy":"category","embeddable":true,"href":"https:\/\/contraluzcucuta.co\/index.php?rest_route=%2Fwp%2Fv2%2Fcategories&post=26433"},{"taxonomy":"post_tag","embeddable":true,"href":"https:\/\/contraluzcucuta.co\/index.php?rest_route=%2Fwp%2Fv2%2Ftags&post=26433"}],"curies":[{"name":"wp","href":"https:\/\/api.w.org\/{rel}","templated":true}]}}