{"id":26430,"date":"2016-03-28T21:32:39","date_gmt":"2016-03-29T02:32:39","guid":{"rendered":"http:\/\/contraluzcucuta.co\/?p=26430"},"modified":"2016-03-28T21:32:39","modified_gmt":"2016-03-29T02:32:39","slug":"programa-de-arquitectura-hacer-arquitectura-de-la-teoria-la-practica-2016","status":"publish","type":"post","link":"https:\/\/contraluzcucuta.co\/?p=26430","title":{"rendered":"PROGRAMA DE ARQUITECTURA. \u2018Hacer arquitectura de la teor\u00eda a la pr\u00e1ctica\u2019 &#8211; 2016  \u00a0"},"content":{"rendered":"<p><strong>PAMPLONA \u2013 Norte de Santander.-<\/strong> Los arquitectos en formaci\u00f3n de la Universidad de Pamplona asistieron al encuentro nacional \u2018Hacer arquitectura de la teor\u00eda a la pr\u00e1ctica\u2019 &#8211; 2016, en la Universidad Santo Tom\u00e1s, de Bucaramanga.<\/p>\n<p>La apertura de la actividad, organizada por la Sociedad Colombiana de Arquitectos (SCA), estuvo a cargo del presidente del gremio Flavio Romero Frieri. Representantes de m\u00e1s de 45 Programas de arquitectura del pa\u00eds participaron en la jornada acad\u00e9mica.<\/p>\n<p>Entre otros temas se habl\u00f3 de:<\/p>\n<p>1.- El significado de ganar una Bienal de Arquitectura<\/p>\n<p>2.- Proyectos urbanos con sentido social<\/p>\n<p>3.- La construcci\u00f3n como motor de desarrollo<\/p>\n<p>4.- Bucaramanga, retos y oportunidades<\/p>\n<p>5.- \u00a1Yo soy Arquitecto!<\/p>\n<p>6.- \u00bfC\u00f3mo iniciar la actividad profesional?<\/p>\n<p>7.- Ideario \u00e9tico<\/p>\n<p>8.- De la teor\u00eda a la pr\u00e1ctica.<\/p>\n<p>El arquitecto Hern\u00e1n Castelblanco Ram\u00edrez, docente del programa de arquitectura, indic\u00f3 que \u201ces importante que los estudiantes puedan participar en estos eventos nacionales\u201d.<\/p>\n<p>Los estudiantes tuvieron la oportunidad de recorrer y analizar a Bucaramanga y el \u00c1rea Metropolitana como parte del proceso de formaci\u00f3n acad\u00e9mica de la \u2018Teor\u00eda a la pr\u00e1ctica\u2019, inmerso en los contenidos program\u00e1ticos del plan de estudios.<\/p>\n<p>La directora de programa de arquitectura Yurani Mercado dijo que \u201cpara los procesos de modernizaci\u00f3n curricular que se adelantan es importante el apoyo brindado por la instituci\u00f3n para la participaci\u00f3n en este tipo de eventos, que enriquece la formaci\u00f3n de los futuros arquitectos\u201d.<\/p>\n<p><strong>Foto: TOMADA DE INTERNET<\/strong><\/p>\n<p><strong>\u00a0<\/strong><\/p>\n<p>&nbsp; <\/p>\n","protected":false},"excerpt":{"rendered":"<p>PAMPLONA \u2013 Norte de Santander.- Los arquitectos en formaci\u00f3n de la Universidad de Pamplona asistieron al encuentro nacional \u2018Hacer arquitectura de la teor\u00eda a la pr\u00e1ctica\u2019 &#8211; 2016, en la Universidad Santo Tom\u00e1s, de Bucaramanga. La apertura de la actividad, organizada por la Sociedad Colombiana de Arquitectos (SCA), estuvo a cargo del presidente del gremio &hellip;<\/p>\n","protected":false},"author":1,"featured_media":26431,"comment_status":"open","ping_status":"open","sticky":false,"template":"","format":"standard","meta":{"footnotes":""},"categories":[74],"tags":[2597,719,161],"class_list":["post-26430","post","type-post","status-publish","format-standard","has-post-thumbnail","hentry","category-aula-universitaria","tag-aula-universitaria","tag-unipamplona","tag-universidad-de-pamplona"],"_links":{"self":[{"href":"https:\/\/contraluzcucuta.co\/index.php?rest_route=\/wp\/v2\/posts\/26430","targetHints":{"allow":["GET"]}}],"collection":[{"href":"https:\/\/contraluzcucuta.co\/index.php?rest_route=\/wp\/v2\/posts"}],"about":[{"href":"https:\/\/contraluzcucuta.co\/index.php?rest_route=\/wp\/v2\/types\/post"}],"author":[{"embeddable":true,"href":"https:\/\/contraluzcucuta.co\/index.php?rest_route=\/wp\/v2\/users\/1"}],"replies":[{"embeddable":true,"href":"https:\/\/contraluzcucuta.co\/index.php?rest_route=%2Fwp%2Fv2%2Fcomments&post=26430"}],"version-history":[{"count":1,"href":"https:\/\/contraluzcucuta.co\/index.php?rest_route=\/wp\/v2\/posts\/26430\/revisions"}],"predecessor-version":[{"id":26432,"href":"https:\/\/contraluzcucuta.co\/index.php?rest_route=\/wp\/v2\/posts\/26430\/revisions\/26432"}],"wp:featuredmedia":[{"embeddable":true,"href":"https:\/\/contraluzcucuta.co\/index.php?rest_route=\/wp\/v2\/media\/26431"}],"wp:attachment":[{"href":"https:\/\/contraluzcucuta.co\/index.php?rest_route=%2Fwp%2Fv2%2Fmedia&parent=26430"}],"wp:term":[{"taxonomy":"category","embeddable":true,"href":"https:\/\/contraluzcucuta.co\/index.php?rest_route=%2Fwp%2Fv2%2Fcategories&post=26430"},{"taxonomy":"post_tag","embeddable":true,"href":"https:\/\/contraluzcucuta.co\/index.php?rest_route=%2Fwp%2Fv2%2Ftags&post=26430"}],"curies":[{"name":"wp","href":"https:\/\/api.w.org\/{rel}","templated":true}]}}