{"id":26424,"date":"2016-03-28T21:15:20","date_gmt":"2016-03-29T02:15:20","guid":{"rendered":"http:\/\/contraluzcucuta.co\/?p=26424"},"modified":"2016-03-28T21:15:20","modified_gmt":"2016-03-29T02:15:20","slug":"notas-al-margen-para-que-la-union-si-no-hay-avances-ni-apoyos","status":"publish","type":"post","link":"https:\/\/contraluzcucuta.co\/?p=26424","title":{"rendered":"NOTAS AL MARGEN.\u00a0 \u00bfPara qu\u00e9 la uni\u00f3n si no hay avances ni apoyos?"},"content":{"rendered":"<p>1.- Quienes por vinculaci\u00f3n y afecto experimentamos y compartimos la realidad de la vivencia fronteriza, reconociendo que la actual etapa \u2013de los \u00faltimos siete meses, desde el 19 de agosto \u2013constituye la secuencia m\u00e1s ins\u00f3lita y atentatoria contra el anhelo integracionista y la aut\u00e9ntica mancomunidad de inter\u00e9s, en procura de darle vigencia, no solo al mensaje de uni\u00f3n, uni\u00f3n, uni\u00f3n que fijaron nuestros libertadores y constituyentes, al establecer La Gran Colombia, el proceso pol\u00edtico-institucional de mayor trascendencia constitucional del continente americano, sino al deseo de conformar una zona, regi\u00f3n o \u00e1rea binacional fronteriza, para canalizar motivaciones y esfuerzos en procura de fuentes de empleo, mejoramientos infraestructurales y de\u00a0\u00a0servicios b\u00e1sicos, bajo el prop\u00f3sito de crear desarrollos industriales, investigaci\u00f3n y\u00a0\u00a0capacitaciones, mediante pol\u00edticas de Estado conjuntas o de aprovechamiento especial, ante las favorabilidades de la ubicaci\u00f3n geoestrat\u00e9gica y pol\u00edtica, mediante\u00a0\u00a0incentivos, est\u00edmulos y mecanismos aplicables a las empresas que promuevan y participen en estos empe\u00f1os, que beneficien a las dos naciones.<\/p>\n<p>Y \u00bfpor qu\u00e9 estamos sorprendidos? Porque se cerr\u00f3 la frontera, se crearon muchas situaciones de implicaciones agresivas y deteriorantes, hasta el extremo de no existir una corporaci\u00f3n, comisi\u00f3n o junta binacional-con presencia y participaci\u00f3n de las dos regiones, zonas o \u00e1reas que se pueden complementar- que \u00a0eval\u00faen y definan propuestas y alternativas<\/p>\n<p>Y, mientras esto sucede, los servicios de transporte se paralizan o se afectan seriamente y en lugar de acercamientos, lo que se provoca es una pugna de pareceres, porque al no haber auxiliares y asistencia, como lo requiere y le urge a la frontera, lo que\u00a0<a href=\"http:\/\/hay.es\/\">hay es<\/a> indiferencia, olvido, marginalidad. Y, actos y conductas de esta naturaleza no son ayuda para nadie.<\/p>\n<p>2.- Ante la magnitud y crecimiento de la inasistencia y cuando est\u00e1 a punto de terminarse el Puente Internacional de Tienditas, vale igualmente indagar \u00bfse han hecho los enfoques y las consideraciones apropiadas para el mejoramiento de las zonas inmediatas de entrada y salida, as\u00ed como lo pertinente a La Parada y la facilitaci\u00f3n y seguridad de las movilizaciones de personas, veh\u00edculos y mercader\u00edas?<\/p>\n<p>Adem\u00e1s \u00bfqu\u00e9 pas\u00f3 con la Zona Franca Industrial y\u00a0\u00a0Comercial de C\u00facuta? \u00bfQu\u00e9, con la Zona Franca Colombo-Venezolana?\u00a0\u00bfQu\u00e9, con el agua y el gas? \u00bfQu\u00e9, con los est\u00edmulos a la capacitaci\u00f3n e\u00a0\u00a0investigaci\u00f3n universitaria?<\/p>\n<p>3.-\u00a0\u00bfQu\u00e9 pas\u00f3 con la opci\u00f3n de crear un Banco Colombo-Venezolano, en el que participen o se vinculen con los Bancos centrales de Colombia y Venezuela, el Banco Interamericano de Desarrollo (BID) y la Corporaci\u00f3n Andina de Fomento (CAF), as\u00ed como\u00a0\u00a0los que quieran vincularse a los procesos de cambio monetario y expansi\u00f3n\u00a0\u00a0industrial para tener una fuente de apoyo y respaldo econ\u00f3mico y financiero a las iniciativas que nazcan y aqu\u00ed, se proyecten?<\/p>\n<p>Lo incre\u00edble de todo esto radica en constatar que es tanta la pasividad que se ha forjado y la ninguna atenci\u00f3n a las peticiones que se han hecho a Caracas y Bogot\u00e1, que si esto prosigue habr\u00e1 que formular una convocatoria p\u00fablica para que en el sitio de mayor referencia, se congregue un masivo\u00a0llamamiento urgente y prioritario para preguntar a los presidentes de Colombia y Venezuela \u00bfpara qu\u00e9 la uni\u00f3n, si no hay\u00a0\u00a0avances, ni apoyos?\u00a0\u00a0\u00bfC\u00f3mo superar la informalidad y el desempleo, ante el cierre de la frontera y la indiferencia de los poderes centrales, no obstante la realidad de una constante y respetuosa petici\u00f3n? \u00bfPor qu\u00e9 no crear una promotora\u00a0\u00a0comisi\u00f3n binacional fronteriza, que reviva el esp\u00edritu integracionista y fraterno, para el avance y progreso de las dos naciones?<\/p>\n<p><strong>JOS\u00c9 NEIRA REY<\/strong><\/p>\n<p><strong><a href=\"mailto:jneirarey@hotmail.com\">jneirarey@hotmail.com<\/a><\/strong><\/p>\n<p><strong>Foto: archivo.globovision.com<\/strong><\/p>\n<p><strong>\u00a0<\/strong><\/p>\n<p>&nbsp; <\/p>\n","protected":false},"excerpt":{"rendered":"<p>1.- Quienes por vinculaci\u00f3n y afecto experimentamos y compartimos la realidad de la vivencia fronteriza, reconociendo que la actual etapa \u2013de los \u00faltimos siete meses, desde el 19 de agosto \u2013constituye la secuencia m\u00e1s ins\u00f3lita y atentatoria contra el anhelo integracionista y la aut\u00e9ntica mancomunidad de inter\u00e9s, en procura de darle vigencia, no solo al &hellip;<\/p>\n","protected":false},"author":1,"featured_media":26425,"comment_status":"open","ping_status":"open","sticky":false,"template":"","format":"standard","meta":{"footnotes":""},"categories":[14,4],"tags":[2749,382,956],"class_list":["post-26424","post","type-post","status-publish","format-standard","has-post-thumbnail","hentry","category-articulistas","category-barra","tag-articulistas-contraluz","tag-jose-neira","tag-notas-al-margen"],"_links":{"self":[{"href":"https:\/\/contraluzcucuta.co\/index.php?rest_route=\/wp\/v2\/posts\/26424","targetHints":{"allow":["GET"]}}],"collection":[{"href":"https:\/\/contraluzcucuta.co\/index.php?rest_route=\/wp\/v2\/posts"}],"about":[{"href":"https:\/\/contraluzcucuta.co\/index.php?rest_route=\/wp\/v2\/types\/post"}],"author":[{"embeddable":true,"href":"https:\/\/contraluzcucuta.co\/index.php?rest_route=\/wp\/v2\/users\/1"}],"replies":[{"embeddable":true,"href":"https:\/\/contraluzcucuta.co\/index.php?rest_route=%2Fwp%2Fv2%2Fcomments&post=26424"}],"version-history":[{"count":1,"href":"https:\/\/contraluzcucuta.co\/index.php?rest_route=\/wp\/v2\/posts\/26424\/revisions"}],"predecessor-version":[{"id":26426,"href":"https:\/\/contraluzcucuta.co\/index.php?rest_route=\/wp\/v2\/posts\/26424\/revisions\/26426"}],"wp:featuredmedia":[{"embeddable":true,"href":"https:\/\/contraluzcucuta.co\/index.php?rest_route=\/wp\/v2\/media\/26425"}],"wp:attachment":[{"href":"https:\/\/contraluzcucuta.co\/index.php?rest_route=%2Fwp%2Fv2%2Fmedia&parent=26424"}],"wp:term":[{"taxonomy":"category","embeddable":true,"href":"https:\/\/contraluzcucuta.co\/index.php?rest_route=%2Fwp%2Fv2%2Fcategories&post=26424"},{"taxonomy":"post_tag","embeddable":true,"href":"https:\/\/contraluzcucuta.co\/index.php?rest_route=%2Fwp%2Fv2%2Ftags&post=26424"}],"curies":[{"name":"wp","href":"https:\/\/api.w.org\/{rel}","templated":true}]}}