{"id":26420,"date":"2016-03-28T21:08:55","date_gmt":"2016-03-29T02:08:55","guid":{"rendered":"http:\/\/contraluzcucuta.co\/?p=26420"},"modified":"2016-03-28T21:08:55","modified_gmt":"2016-03-29T02:08:55","slug":"explotacion-de-carbon-cerrada-mina-ilegal-en-el-zulia","status":"publish","type":"post","link":"https:\/\/contraluzcucuta.co\/?p=26420","title":{"rendered":"EXPLOTACI\u00d3N DE CARB\u00d3N. Cerrada mina ilegal en El Zulia"},"content":{"rendered":"<p><strong>C\u00daCUTA.-<\/strong> Agentes de la Polic\u00eda de Carabineros, la Seccional de Investigaci\u00f3n Criminal (Sijin) y los Grupos de Protecci\u00f3n Ambiental y Ecol\u00f3gica (Gupae) y de Operaciones Especiales (Goes) capturaron a seis obreros y suspendieron la extracci\u00f3n de carb\u00f3n en una mina.<\/p>\n<p>El operativo se cumpli\u00f3 en la vereda El Salto (El Zulia) con el objetivo de contrarrestar el funcionamiento de minas y chircales ilegales en la zona de frontera.<\/p>\n<p>Los uniformados verificaron las condiciones documentales y ambientales en las que se efectuaba la extracci\u00f3n del mineral. Establecieron la ausencia de los permisos expedidos por las autoridades del ramo.<\/p>\n<p>No contaban con el t\u00edtulo minero expedido por la Agencia Nacional de Miner\u00eda ni presentaron la licencia ambiental otorgada por la Corporaci\u00f3n Aut\u00f3noma Regional de la Frontera Nororiental (Corponor).<\/p>\n<p>Los polic\u00edas procedieron a la suspensi\u00f3n de las actividades mientras que las dos entidades toman las medidas administrativas del caso.<\/p>\n<p>En el procedimiento de control ambiental fueron capturados seis mineros y quedaron a disposici\u00f3n de la Unidad de Reacci\u00f3n Inmediata (URI) de la Fiscal\u00eda, indiciados de explotaci\u00f3n il\u00edcita de yacimiento minero.<\/p>\n<p><strong>Foto: PRENSA MECUC<\/strong><\/p>\n<p>&nbsp; <\/p>\n","protected":false},"excerpt":{"rendered":"<p>C\u00daCUTA.- Agentes de la Polic\u00eda de Carabineros, la Seccional de Investigaci\u00f3n Criminal (Sijin) y los Grupos de Protecci\u00f3n Ambiental y Ecol\u00f3gica (Gupae) y de Operaciones Especiales (Goes) capturaron a seis obreros y suspendieron la extracci\u00f3n de carb\u00f3n en una mina. El operativo se cumpli\u00f3 en la vereda El Salto (El Zulia) con el objetivo de &hellip;<\/p>\n","protected":false},"author":1,"featured_media":26421,"comment_status":"open","ping_status":"open","sticky":false,"template":"","format":"standard","meta":{"footnotes":""},"categories":[11,4],"tags":[323,2857,2856],"class_list":["post-26420","post","type-post","status-publish","format-standard","has-post-thumbnail","hentry","category-cronica-roja","category-barra","tag-mecuc","tag-minas-ilegales","tag-policia-metrpolitana"],"_links":{"self":[{"href":"https:\/\/contraluzcucuta.co\/index.php?rest_route=\/wp\/v2\/posts\/26420","targetHints":{"allow":["GET"]}}],"collection":[{"href":"https:\/\/contraluzcucuta.co\/index.php?rest_route=\/wp\/v2\/posts"}],"about":[{"href":"https:\/\/contraluzcucuta.co\/index.php?rest_route=\/wp\/v2\/types\/post"}],"author":[{"embeddable":true,"href":"https:\/\/contraluzcucuta.co\/index.php?rest_route=\/wp\/v2\/users\/1"}],"replies":[{"embeddable":true,"href":"https:\/\/contraluzcucuta.co\/index.php?rest_route=%2Fwp%2Fv2%2Fcomments&post=26420"}],"version-history":[{"count":1,"href":"https:\/\/contraluzcucuta.co\/index.php?rest_route=\/wp\/v2\/posts\/26420\/revisions"}],"predecessor-version":[{"id":26423,"href":"https:\/\/contraluzcucuta.co\/index.php?rest_route=\/wp\/v2\/posts\/26420\/revisions\/26423"}],"wp:featuredmedia":[{"embeddable":true,"href":"https:\/\/contraluzcucuta.co\/index.php?rest_route=\/wp\/v2\/media\/26421"}],"wp:attachment":[{"href":"https:\/\/contraluzcucuta.co\/index.php?rest_route=%2Fwp%2Fv2%2Fmedia&parent=26420"}],"wp:term":[{"taxonomy":"category","embeddable":true,"href":"https:\/\/contraluzcucuta.co\/index.php?rest_route=%2Fwp%2Fv2%2Fcategories&post=26420"},{"taxonomy":"post_tag","embeddable":true,"href":"https:\/\/contraluzcucuta.co\/index.php?rest_route=%2Fwp%2Fv2%2Ftags&post=26420"}],"curies":[{"name":"wp","href":"https:\/\/api.w.org\/{rel}","templated":true}]}}