{"id":26417,"date":"2016-03-28T21:02:09","date_gmt":"2016-03-29T02:02:09","guid":{"rendered":"http:\/\/contraluzcucuta.co\/?p=26417"},"modified":"2016-04-02T22:35:53","modified_gmt":"2016-04-03T03:35:53","slug":"mensaje-urbi-et-orbi-francisco-pidio-justicia-y-respeto-reciproco-en-venezuela","status":"publish","type":"post","link":"https:\/\/contraluzcucuta.co\/?p=26417","title":{"rendered":"MENSAJE URBI ET ORBI. Francisco pidi\u00f3 \u201cjusticia y respeto rec\u00edproco\u201d en Venezuela  \u00a0"},"content":{"rendered":"<p>El papa Francisco, en el <strong>mensaje <em>Urbi et Orbi<\/em>, se refiri\u00f3 a la situaci\u00f3n que afronta Venezuela. Al recordar que <\/strong>\u00a0Dios ha vencido el ego\u00edsmo y la muerte con las armas del amor, pidi\u00f3 que el\u00a0 mensaje pascual de Jes\u00fas \u201cse proyecte cada vez m\u00e1s sobre el pueblo venezolano en las dif\u00edciles condiciones en las que vive\u201d.<\/p>\n<p>Las palabras de pont\u00edfice cat\u00f3lico tambi\u00e9n estuvieron dirigidas hacia \u201clos que tienen en sus manos el destino del pa\u00eds, para que se trabaje en pos del bien com\u00fan\u201d. La situaci\u00f3n venezolana es ca\u00f3tica por el enfrentamiento entre el gobierno del presidente Nicol\u00e1s maduro y la oposici\u00f3n. En la frontera colombo-venezolana se han vivido momentos dif\u00edciles a ra\u00edz de las decisiones tomadas en Caracas.<\/p>\n<p>En agosto, se orden\u00f3 el cierre del paso de mercanc\u00edas y pasajeros por los puentes unen a los estados venezolanos con los departamentos colombianos. El T\u00e1chira y Norte de Santander quedaron aislados como consecuencia de las determinaciones tomadas en el palacio de Miraflores.<\/p>\n<p>El papa or\u00f3 en el Domingo de Resurrecci\u00f3n para que se busquen formas de di\u00e1logo y colaboraci\u00f3n entre todos los venezolanos. \u201cY que se promueva en todo lugar la cultura del encuentro, la justicia y el respeto rec\u00edproco, lo \u00fanico que puede asegurar el bienestar espiritual y material de los ciudadanos\u201d.<\/p>\n<p>El sumo pont\u00edfice dijo que ante las simas espirituales y morales de la humanidad, ante al vac\u00edo que se crea en el coraz\u00f3n y que provoca odio y muerte, solamente una infinita misericordia puede darnos la salvaci\u00f3n. \u201cS\u00f3lo Dios puede llenar con su amor este vac\u00edo, estas fosas, y hacer que no nos hundamos, y que podamos seguir avanzando juntos hacia la tierra de la libertad y de la vida\u201d.<\/p>\n<p>Seg\u00fan el papa, el anuncio gozoso de la Pascua ofrece la certeza consoladora de que se ha salvado el abismo de la muerte y, con ello, han quedado derrotados el luto, el llanto y la angustia. \u201cEl Se\u00f1or\u2026\u00a0 nos hace ahora part\u00edcipes de su vida inmortal, y nos concede su mirada de ternura y compasi\u00f3n hacia los hambrientos y sedientos, los extranjeros y los encarcelados, los marginados y descartados, las v\u00edctimas del abuso y la violencia\u201d.<\/p>\n<p>En la reflexi\u00f3n record\u00f3 que el mundo est\u00e1 lleno de personas que sufren en el cuerpo y en el esp\u00edritu, mientras que las cr\u00f3nicas diarias est\u00e1n repletas de informes sobre delitos brutales, que a menudo se cometen en el \u00e1mbito dom\u00e9stico, y de conflictos armados a gran escala que someten a poblaciones enteras a pruebas indecibles.<\/p>\n<p>Entre otros lugares se refiri\u00f3 en especial a:<\/p>\n<p>1.- \u00a0Siria. Pa\u00eds desgarrado por un largo conflicto, con su triste rastro de destrucci\u00f3n, muerte, desprecio por el derecho humanitario y la desintegraci\u00f3n de la convivencia civil.<\/p>\n<p>2.- Irak, Yemen y Libia. Que el mensaje de vida, proclamado por el \u00e1ngel junto a la piedra removida del sepulcro, aleje la dureza de nuestro coraz\u00f3n y promueva un intercambio fecundo entre pueblos y culturas en las zonas de la cuenca del Mediterr\u00e1neo y de Medio Oriente<\/p>\n<p>3.- Tierra Santa. Que la imagen del hombre nuevo, que resplandece en el rostro de Cristo, fomente la convivencia entre israel\u00edes y palestinos.<\/p>\n<p>4.- Ucrania. Que el Se\u00f1or de la vida acompa\u00f1e los esfuerzos para alcanzar una soluci\u00f3n definitiva de la guerra, inspirando y apoyando tambi\u00e9n las iniciativas de ayuda humanitaria, incluida la de liberar a los detenidos.<\/p>\n<p>5.- B\u00e9lgica, Turqu\u00eda, Nigeria, Chad, Camer\u00fan y Costa de Marfil. Que el Se\u00f1or Jes\u00fas, nuestra paz (cf. Ef 2,14), que con su resurrecci\u00f3n ha vencido el mal y el pecado, avive en esta fiesta de Pascua nuestra cercan\u00eda a las v\u00edctimas del terrorismo, esa forma ciega y brutal de violencia que no cesa de derramar sangre inocente en diferentes partes del mundo, como ha ocurrido en los recientes atentados.<\/p>\n<p>6.- Burundi, Mozambique, la Rep\u00fablica Democr\u00e1tica del Congo y Sud\u00e1n del Sur. Lacerados por tensiones pol\u00edticas y sociales.<\/p>\n<p><strong><em>Art\u00edculo preparado con ayuda de Radio vaticano<\/em><\/strong><\/p>\n<p>&nbsp; <\/p>\n","protected":false},"excerpt":{"rendered":"<p>El papa Francisco, en el mensaje Urbi et Orbi, se refiri\u00f3 a la situaci\u00f3n que afronta Venezuela. Al recordar que \u00a0Dios ha vencido el ego\u00edsmo y la muerte con las armas del amor, pidi\u00f3 que el\u00a0 mensaje pascual de Jes\u00fas \u201cse proyecte cada vez m\u00e1s sobre el pueblo venezolano en las dif\u00edciles condiciones en las &hellip;<\/p>\n","protected":false},"author":1,"featured_media":26418,"comment_status":"open","ping_status":"open","sticky":false,"template":"","format":"standard","meta":{"footnotes":""},"categories":[1326,4,2780],"tags":[2483,1164,594],"class_list":["post-26417","post","type-post","status-publish","format-standard","has-post-thumbnail","hentry","category-crisis-en-venezuela-2","category-barra","category-frontera","tag-crisis-en-la-frontera","tag-crisis-en-venezuela","tag-papa-francisco"],"_links":{"self":[{"href":"https:\/\/contraluzcucuta.co\/index.php?rest_route=\/wp\/v2\/posts\/26417","targetHints":{"allow":["GET"]}}],"collection":[{"href":"https:\/\/contraluzcucuta.co\/index.php?rest_route=\/wp\/v2\/posts"}],"about":[{"href":"https:\/\/contraluzcucuta.co\/index.php?rest_route=\/wp\/v2\/types\/post"}],"author":[{"embeddable":true,"href":"https:\/\/contraluzcucuta.co\/index.php?rest_route=\/wp\/v2\/users\/1"}],"replies":[{"embeddable":true,"href":"https:\/\/contraluzcucuta.co\/index.php?rest_route=%2Fwp%2Fv2%2Fcomments&post=26417"}],"version-history":[{"count":1,"href":"https:\/\/contraluzcucuta.co\/index.php?rest_route=\/wp\/v2\/posts\/26417\/revisions"}],"predecessor-version":[{"id":26419,"href":"https:\/\/contraluzcucuta.co\/index.php?rest_route=\/wp\/v2\/posts\/26417\/revisions\/26419"}],"wp:featuredmedia":[{"embeddable":true,"href":"https:\/\/contraluzcucuta.co\/index.php?rest_route=\/wp\/v2\/media\/26418"}],"wp:attachment":[{"href":"https:\/\/contraluzcucuta.co\/index.php?rest_route=%2Fwp%2Fv2%2Fmedia&parent=26417"}],"wp:term":[{"taxonomy":"category","embeddable":true,"href":"https:\/\/contraluzcucuta.co\/index.php?rest_route=%2Fwp%2Fv2%2Fcategories&post=26417"},{"taxonomy":"post_tag","embeddable":true,"href":"https:\/\/contraluzcucuta.co\/index.php?rest_route=%2Fwp%2Fv2%2Ftags&post=26417"}],"curies":[{"name":"wp","href":"https:\/\/api.w.org\/{rel}","templated":true}]}}