{"id":26411,"date":"2016-03-28T20:51:01","date_gmt":"2016-03-29T01:51:01","guid":{"rendered":"http:\/\/contraluzcucuta.co\/?p=26411"},"modified":"2016-04-02T18:52:27","modified_gmt":"2016-04-02T23:52:27","slug":"cucuta-deportivo-vivencias-y-anecdotas-del-hincha-fiel-motilon","status":"publish","type":"post","link":"https:\/\/contraluzcucuta.co\/?p=26411","title":{"rendered":"C\u00daCUTA DEPORTIVO. \u2018Vivencias y an\u00e9cdotas del hincha fiel motil\u00f3n\u2019"},"content":{"rendered":"<p><strong>C\u00daCUTA.-<\/strong> Escribir de Pedro Mar\u00eda Montes Rojas, quiz\u00e1s, no tiene mayor inter\u00e9s\u00a0 para los cucute\u00f1os. Naci\u00f3 en La Playa, en 1961, lleg\u00f3 a C\u00facuta para vivir la infancia y la adolescencia en el barrio Claret (Ciudadela Juan Atalaya) y bachiller del colegio Municipal. Hasta ah\u00ed la historia normal de un hombre que profesa amor por la ciudad que lo vio crecer y madurar.<\/p>\n<p>Escribir del \u2018Hincha fiel motil\u00f3n\u2019 tal vez despierte curiosidad, porque es un personaje sacado de la realidad y formado entre los aficionados al C\u00facuta Deportivo. Cuando viste el traje de indio, con el penacho que le agranda la personalidad, es otro ser. Vive y sufre por la divisa rojinegra, y r\u00ede y llora con los triunfos y las derrotas del cuadro fronterizo.<\/p>\n<p>Para definir ese fervor que traspira por el equipo dice que hincha fiel es aquel que \u201csin importar las condiciones y situaciones sigue a su equipo hasta el final\u201d. No deben importarle las adversidades, los infortunios, las inclemencias del tiempo, las injurias de los adversarios. \u201cDebe ser un alguien que todo lo entrega sin esperar ninguna prebenda, ni nada a cambio\u201d.<\/p>\n<p>Por estos d\u00edas Pedro Montes, ataviado como los hombres que representan la raza ind\u00edgena, public\u00f3 el libro \u2018Vivencias y an\u00e9cdotas del hincha fiel motil\u00f3n\u2019. En las 70 p\u00e1ginas re\u00fane textos salidos de sus experiencias y fotograf\u00edas recopiladas en los m\u00faltiples viajes que ha hecho para acompa\u00f1ar al C\u00facuta Deportivo.<\/p>\n<p>El texto \u201crinde homenaje al f\u00fatbol profesional colombiano\u201d, escribi\u00f3 en el pr\u00f3logo. Recopila lo vivido en cuatro d\u00e9cadas dedicadas al elenco cucute\u00f1o \u201ccon la ilusi\u00f3n y la esperanza de manifestarles el amor que siento por todos ustedes, mis amados hinchas\u201d.<\/p>\n<p>La primera parte la dedica a recordar los mejores momentos de la \u00e9poca de la infancia y evoca c\u00f3mo era la ciudad para entonces. El personaje naci\u00f3, en 1995, de la necesidad de revivir la esperanza de los seguidores del club luego de perder la categor\u00eda profesional y caer a la Segunda Divisi\u00f3n.<\/p>\n<p>La raz\u00f3n del vestido es para mostrar en los estadios de Colombia, inicialmente, y luego en los de Sudam\u00e9rica, las ra\u00edces y llevar la cultura motilona \u201cporque as\u00ed es como nos conocen\u201d. \u201cEn realidad aqu\u00ed no importa el atuendo, nos importa es el sentimiento y el significado en u sentido cultural definido\u201d.<\/p>\n<p>Otro cap\u00edtulo lo dedica a la tribu motilona, la conformaci\u00f3n de la familia, el f\u00edsico, el vestido, los nombres, los pactos, el trabajo, las costumbres, el matrimonio, las sanciones, las creencias y la muerte.<\/p>\n<p>\u201cSent\u00ed mucha nostalgia cuando el equipo estuvo por segunda vez en la categor\u00eda de Segunda Divisi\u00f3n. Casi nadie quer\u00eda ir al estadio\u201d. Los recuerdos llevan a Pedro Montes al 2005. \u201cLogramos salir de ese largo camino que parec\u00eda sin salida\u201d. En el 2006, se coron\u00f3 campe\u00f3n y comenz\u00f3 a vivir una \u00e9poca de gloria y de satisfacci\u00f3n para los seguidores. Copa Libertadores, visita de los mejores equipos de Centro y Sur Am\u00e9rica, renombre continental, fiesta y alegr\u00eda.<\/p>\n<p>\u201cFueron numerosas las ocasiones en las que bajo el abrazador sol cucute\u00f1o en la tribuna occidental vibr\u00e9 de alegr\u00eda con los triunfos\u201d. Y deja un espacio para recordar a los amigos que encontr\u00f3 en cada estadio que visit\u00f3 dentro y fuera del pa\u00eds.<\/p>\n<p>Al final del libro, para ratificar en las primeras p\u00e1ginas, presenta los s\u00edmbolos c\u00edvicos de C\u00facuta y trascribe dos de esos c\u00e1nticos que jornada tras jornada se escuchan en el General Santander:<\/p>\n<p>De d\u00eda vivir\u00e9 visti\u00e9ndome de indio<\/p>\n<p>De noche esta hincha te acompa\u00f1ar\u00e1<\/p>\n<p>Ser\u00e1 como una luz<\/p>\n<p>Que alumbra mi camino<\/p>\n<p>Me voy, pero seguro que el domingo volver\u00e9.<\/p>\n<p><strong>RAFAEL ANTONIO PAB\u00d3N<\/strong><\/p>\n<p><a href=\"mailto:rafaelpab\u00f3n58@hotmail.com\"><strong>rafaelpab\u00f3n58@hotmail.com<\/strong><\/a><\/p>\n<p><strong>Foto: <\/strong>\u00a0<strong>soyrojinegro.com<\/strong><\/p>\n<p><strong>\u00a0<\/strong><\/p>\n<p>&nbsp;<\/p>\n<p>&nbsp; <\/p>\n","protected":false},"excerpt":{"rendered":"<p>C\u00daCUTA.- Escribir de Pedro Mar\u00eda Montes Rojas, quiz\u00e1s, no tiene mayor inter\u00e9s\u00a0 para los cucute\u00f1os. Naci\u00f3 en La Playa, en 1961, lleg\u00f3 a C\u00facuta para vivir la infancia y la adolescencia en el barrio Claret (Ciudadela Juan Atalaya) y bachiller del colegio Municipal. Hasta ah\u00ed la historia normal de un hombre que profesa amor por &hellip;<\/p>\n","protected":false},"author":1,"featured_media":26412,"comment_status":"open","ping_status":"open","sticky":false,"template":"","format":"standard","meta":{"footnotes":""},"categories":[17,4,28],"tags":[2628,2854,2853],"class_list":["post-26411","post","type-post","status-publish","format-standard","has-post-thumbnail","hentry","category-conversaciones-a-contraluz","category-barra","category-vistazo-deportivo","tag-cucuta-deportivo-2016","tag-hincha-fiel","tag-pedro-montes"],"_links":{"self":[{"href":"https:\/\/contraluzcucuta.co\/index.php?rest_route=\/wp\/v2\/posts\/26411","targetHints":{"allow":["GET"]}}],"collection":[{"href":"https:\/\/contraluzcucuta.co\/index.php?rest_route=\/wp\/v2\/posts"}],"about":[{"href":"https:\/\/contraluzcucuta.co\/index.php?rest_route=\/wp\/v2\/types\/post"}],"author":[{"embeddable":true,"href":"https:\/\/contraluzcucuta.co\/index.php?rest_route=\/wp\/v2\/users\/1"}],"replies":[{"embeddable":true,"href":"https:\/\/contraluzcucuta.co\/index.php?rest_route=%2Fwp%2Fv2%2Fcomments&post=26411"}],"version-history":[{"count":1,"href":"https:\/\/contraluzcucuta.co\/index.php?rest_route=\/wp\/v2\/posts\/26411\/revisions"}],"predecessor-version":[{"id":26413,"href":"https:\/\/contraluzcucuta.co\/index.php?rest_route=\/wp\/v2\/posts\/26411\/revisions\/26413"}],"wp:featuredmedia":[{"embeddable":true,"href":"https:\/\/contraluzcucuta.co\/index.php?rest_route=\/wp\/v2\/media\/26412"}],"wp:attachment":[{"href":"https:\/\/contraluzcucuta.co\/index.php?rest_route=%2Fwp%2Fv2%2Fmedia&parent=26411"}],"wp:term":[{"taxonomy":"category","embeddable":true,"href":"https:\/\/contraluzcucuta.co\/index.php?rest_route=%2Fwp%2Fv2%2Fcategories&post=26411"},{"taxonomy":"post_tag","embeddable":true,"href":"https:\/\/contraluzcucuta.co\/index.php?rest_route=%2Fwp%2Fv2%2Ftags&post=26411"}],"curies":[{"name":"wp","href":"https:\/\/api.w.org\/{rel}","templated":true}]}}