{"id":26405,"date":"2016-03-28T20:34:56","date_gmt":"2016-03-29T01:34:56","guid":{"rendered":"http:\/\/contraluzcucuta.co\/?p=26405"},"modified":"2016-03-28T20:34:56","modified_gmt":"2016-03-29T01:34:56","slug":"ciclopaseo-quinientos-pedalistas-llegaron-salazar-de-las-palmas","status":"publish","type":"post","link":"https:\/\/contraluzcucuta.co\/?p=26405","title":{"rendered":"CICLOPASEO. Quinientos pedalistas llegaron \u00a0a Salazar de Las Palmas"},"content":{"rendered":"<p><strong>SALAZAR \u2013 Norte de Santander.-<\/strong> La actividad deportiva se convirti\u00f3 en un ciclopaseo organizado por la Gobernaci\u00f3n de Norte de Santander que, pedalazo a pedalazo, busca un departamento sano y con buenos h\u00e1bitos saludables para la gente.<\/p>\n<p>\u2018Pedaleando por un Norte ambientalmente productivo para todos&#8217;. As\u00ed se denomin\u00f3 la jornada en la que 500 ciclistas pedalearon desde C\u00facuta hasta Salazar de Las Palmas.<\/p>\n<p>El entusiasmo de la caravana fue la constante para deportistas de todas las edades, que hicieron del recorrido una herramienta de salud y vida replicable en la regi\u00f3n.<\/p>\n<p>El punto de partida fue el Paseo Rojo y Negro de la capital nortesantandereana. Cuarentainueve kil\u00f3metros despu\u00e9s los escaladores encontraron el primer punto de hidrataci\u00f3n en Santiago.<\/p>\n<p>Lo que vino luego para los amantes de \u2018los caballitos de acero\u2019 fue recorrer un largo camino hasta Salazar, donde finaliz\u00f3 el encuentro y se premi\u00f3 a los mejores, en el Parque Tacasu\u00e1n.<\/p>\n<p>La iniciativa cont\u00f3 con apoyo de la Polic\u00eda y del Ej\u00e9rcito, y se sumaron diversos clubes cicl\u00edsticos del departamento, que atendieron la convocatoria.<\/p>\n<p>El objetivo principal es promover el deporte sano y seguro al rodar por las v\u00edas de Norte de Santander. Al tiempo que se integran las familias y se fortalecen entornos de paz.<\/p>\n<p><strong>Foto: PRENSA GOBERNACI\u00d3N<\/strong><\/p>\n<p>&nbsp; <\/p>\n","protected":false},"excerpt":{"rendered":"<p>SALAZAR \u2013 Norte de Santander.- La actividad deportiva se convirti\u00f3 en un ciclopaseo organizado por la Gobernaci\u00f3n de Norte de Santander que, pedalazo a pedalazo, busca un departamento sano y con buenos h\u00e1bitos saludables para la gente. \u2018Pedaleando por un Norte ambientalmente productivo para todos&#8217;. As\u00ed se denomin\u00f3 la jornada en la que 500 ciclistas &hellip;<\/p>\n","protected":false},"author":1,"featured_media":26406,"comment_status":"open","ping_status":"open","sticky":false,"template":"","format":"standard","meta":{"footnotes":""},"categories":[2630],"tags":[2852,379],"class_list":["post-26405","post","type-post","status-publish","format-standard","has-post-thumbnail","hentry","category-gobernacion","tag-ciclo-paseo","tag-gobernacion-de-norte-de-santander"],"_links":{"self":[{"href":"https:\/\/contraluzcucuta.co\/index.php?rest_route=\/wp\/v2\/posts\/26405","targetHints":{"allow":["GET"]}}],"collection":[{"href":"https:\/\/contraluzcucuta.co\/index.php?rest_route=\/wp\/v2\/posts"}],"about":[{"href":"https:\/\/contraluzcucuta.co\/index.php?rest_route=\/wp\/v2\/types\/post"}],"author":[{"embeddable":true,"href":"https:\/\/contraluzcucuta.co\/index.php?rest_route=\/wp\/v2\/users\/1"}],"replies":[{"embeddable":true,"href":"https:\/\/contraluzcucuta.co\/index.php?rest_route=%2Fwp%2Fv2%2Fcomments&post=26405"}],"version-history":[{"count":1,"href":"https:\/\/contraluzcucuta.co\/index.php?rest_route=\/wp\/v2\/posts\/26405\/revisions"}],"predecessor-version":[{"id":26407,"href":"https:\/\/contraluzcucuta.co\/index.php?rest_route=\/wp\/v2\/posts\/26405\/revisions\/26407"}],"wp:featuredmedia":[{"embeddable":true,"href":"https:\/\/contraluzcucuta.co\/index.php?rest_route=\/wp\/v2\/media\/26406"}],"wp:attachment":[{"href":"https:\/\/contraluzcucuta.co\/index.php?rest_route=%2Fwp%2Fv2%2Fmedia&parent=26405"}],"wp:term":[{"taxonomy":"category","embeddable":true,"href":"https:\/\/contraluzcucuta.co\/index.php?rest_route=%2Fwp%2Fv2%2Fcategories&post=26405"},{"taxonomy":"post_tag","embeddable":true,"href":"https:\/\/contraluzcucuta.co\/index.php?rest_route=%2Fwp%2Fv2%2Ftags&post=26405"}],"curies":[{"name":"wp","href":"https:\/\/api.w.org\/{rel}","templated":true}]}}