{"id":26270,"date":"2016-03-20T19:51:34","date_gmt":"2016-03-21T00:51:34","guid":{"rendered":"http:\/\/contraluzcucuta.co\/?p=26270"},"modified":"2016-03-20T19:51:34","modified_gmt":"2016-03-21T00:51:34","slug":"acord-norte-rafael-antonio-pabon-llega-a-la-vicepresidencia-regional","status":"publish","type":"post","link":"https:\/\/contraluzcucuta.co\/?p=26270","title":{"rendered":"ACORD NORTE. Rafael Antonio Pab\u00f3n llega a la vicepresidencia regional"},"content":{"rendered":"<p><strong>C\u00daCUTA.-<\/strong> La junta directiva de la Asociaci\u00f3n de Periodistas (Acord), seccional Norte de Santander, eligi\u00f3 como vicepresidente a Rafael Antonio Pab\u00f3n. Remplaza en el cargo a V\u00edctor Parra, quien renunci\u00f3 en la \u00faltima asamblea del gremio.<\/p>\n<p>El presidente Arnulfo S\u00e1nchez tom\u00f3 el juramento y le asign\u00f3 como tarea especial encargarse del Cap\u00edtulo Universitario de la Asociaci\u00f3n. Entre los compromisos adquiridos por el vicepresidente entrante est\u00e1 el servir de puente entre la academia y la Acord para permitir el acercamiento de los estudiantes de Comunicaci\u00f3n Social.<\/p>\n<p>En C\u00facuta las universidades de Pamplona y Francisco de Paula Santander tienen programa de Comunicaci\u00f3n Social. Los alumnos de los dos centros de formaci\u00f3n profesional ser\u00e1n el p\u00fablico objetivo del Cap\u00edtulo que abre la Acord en la ciudad.<\/p>\n<p>Los j\u00f3venes\u00a0 interesados en participar en este programa deben tener afinidad con el deporte, cualquier disciplina, conocer acerca de la Asociaci\u00f3n y definir el medio en el que les gustar\u00eda hacer parte. El inter\u00e9s de la Acord es motivar a los estudiantes para que desde temprana edad acojan el deporte como plan de vida.<\/p>\n<p>Rafael Antonio Pab\u00f3n es periodista egresado de la Universidad de la Sabana (Bogot\u00e1). Durante 24 a\u00f1os prest\u00f3 sus servicios al peri\u00f3dico local La Opini\u00f3n y entre sus responsabilidades se desempe\u00f1\u00f3 como Editor de Deportes. Escribi\u00f3 cr\u00f3nicas sobre el C\u00facuta Deportivo en la B, en la A y en la Copa Libertadores.<\/p>\n<p>En el 2005, particip\u00f3 como corrector de estilo de la colecci\u00f3n por fasc\u00edculos \u2018C\u00facuta Deportivo, historia y an\u00e9cdotas\u2019, que circul\u00f3 con La Opini\u00f3n. En el 2008, estuvo al frente de la redacci\u00f3n de la colecci\u00f3n \u2018C\u00facuta Deportivo, De la B a la gloria\u2019, entregado cada semana por el matutino cucute\u00f1o.<\/p>\n<p>En febrero de 2006, se vincul\u00f3 a la Universidad de Pamplona, en calidad de docente, y ha tenido a su cargo las \u00e1reas de Redacci\u00f3n y Prensa. En el 2007, cubri\u00f3 la Copa Am\u00e9rica, en Venezuela. En el 2014, el C\u00edrculo de Periodistas y Comunicadores de Norte de Santander reconoci\u00f3 su trabajo como director de la revista <a href=\"http:\/\/www.contraluzcucuta.co\">www.contraluzcucuta.co<\/a> y le concedi\u00f3 el premio regional de periodismo.<\/p>\n<p><strong>Foto: FREDY FIGUEROA<\/strong><\/p>\n<p>&nbsp; <\/p>\n","protected":false},"excerpt":{"rendered":"<p>C\u00daCUTA.- La junta directiva de la Asociaci\u00f3n de Periodistas (Acord), seccional Norte de Santander, eligi\u00f3 como vicepresidente a Rafael Antonio Pab\u00f3n. Remplaza en el cargo a V\u00edctor Parra, quien renunci\u00f3 en la \u00faltima asamblea del gremio. El presidente Arnulfo S\u00e1nchez tom\u00f3 el juramento y le asign\u00f3 como tarea especial encargarse del Cap\u00edtulo Universitario de la &hellip;<\/p>\n","protected":false},"author":1,"featured_media":26271,"comment_status":"open","ping_status":"open","sticky":false,"template":"","format":"standard","meta":{"footnotes":""},"categories":[28],"tags":[1244,1787,1962],"class_list":["post-26270","post","type-post","status-publish","format-standard","has-post-thumbnail","hentry","category-vistazo-deportivo","tag-acord-norte-de-santander","tag-rafael-antonio-pabon","tag-revista-contraluzcucuta-co"],"_links":{"self":[{"href":"https:\/\/contraluzcucuta.co\/index.php?rest_route=\/wp\/v2\/posts\/26270","targetHints":{"allow":["GET"]}}],"collection":[{"href":"https:\/\/contraluzcucuta.co\/index.php?rest_route=\/wp\/v2\/posts"}],"about":[{"href":"https:\/\/contraluzcucuta.co\/index.php?rest_route=\/wp\/v2\/types\/post"}],"author":[{"embeddable":true,"href":"https:\/\/contraluzcucuta.co\/index.php?rest_route=\/wp\/v2\/users\/1"}],"replies":[{"embeddable":true,"href":"https:\/\/contraluzcucuta.co\/index.php?rest_route=%2Fwp%2Fv2%2Fcomments&post=26270"}],"version-history":[{"count":1,"href":"https:\/\/contraluzcucuta.co\/index.php?rest_route=\/wp\/v2\/posts\/26270\/revisions"}],"predecessor-version":[{"id":26272,"href":"https:\/\/contraluzcucuta.co\/index.php?rest_route=\/wp\/v2\/posts\/26270\/revisions\/26272"}],"wp:featuredmedia":[{"embeddable":true,"href":"https:\/\/contraluzcucuta.co\/index.php?rest_route=\/wp\/v2\/media\/26271"}],"wp:attachment":[{"href":"https:\/\/contraluzcucuta.co\/index.php?rest_route=%2Fwp%2Fv2%2Fmedia&parent=26270"}],"wp:term":[{"taxonomy":"category","embeddable":true,"href":"https:\/\/contraluzcucuta.co\/index.php?rest_route=%2Fwp%2Fv2%2Fcategories&post=26270"},{"taxonomy":"post_tag","embeddable":true,"href":"https:\/\/contraluzcucuta.co\/index.php?rest_route=%2Fwp%2Fv2%2Ftags&post=26270"}],"curies":[{"name":"wp","href":"https:\/\/api.w.org\/{rel}","templated":true}]}}