{"id":26263,"date":"2016-03-20T18:18:32","date_gmt":"2016-03-20T23:18:32","guid":{"rendered":"http:\/\/contraluzcucuta.co\/?p=26263"},"modified":"2016-03-23T17:29:02","modified_gmt":"2016-03-23T22:29:02","slug":"charlas-con-asesino-de-las-llamas-en-pamplona-rompe-el-silencio","status":"publish","type":"post","link":"https:\/\/contraluzcucuta.co\/?p=26263","title":{"rendered":"CHARLAS CON\u2026 Asesino de las llamas en Pamplona rompe el silencio"},"content":{"rendered":"<p>Apreciados medios de comunicaci\u00f3n.<\/p>\n<p><strong>En Pamplona es dif\u00edcil que la informaci\u00f3n se omita debido a que circula libre de voz a voz<\/strong>, de t\u00fa a t\u00fa y de vecino a estudiante. Agradezco que, pese a la ausencia de medios tradicionales, el informar sea un compromiso mediante redes sociales y que la vigencia de una se\u00f1al televisiva olvidada por los j\u00f3venes y algunas familias se centre en un reto en tiempos de austeridad.<\/p>\n<p><strong>Si mal no recuerdo, el rating de las emisiones televisivas aumenta al igual que las m\u00e9tricas de redes sociales con alg\u00fan imprevisto en la comunidad<\/strong>. Eventos como asesinatos (rara vez ocurren), maltrato animal, peleas callejeras en las horas nocturnas y diurnas registran bien en la opini\u00f3n. Hay sucesos que se postergan y otros que se olvidan en la capa superficial de la informaci\u00f3n importante.<\/p>\n<p>En las \u00faltimas semanas, y al final del 2014, (me imagino que) <strong>la visibilidad de sus medios de comunicaci\u00f3n se elev\u00f3 por encima de cualquier falencia ciudadana.<\/strong> Cubrieron el asesinato de la yegua \u2018Paloma\u2019 y de las llamas peruanas de la Feria. Gracias a esos acontecimientos se recargaron de comentarios y de \u00a0l\u00edderes de opini\u00f3n que conf\u00edan en su portal.<\/p>\n<p>Ahora, soy o somos, los que ayudaron a elevar los comentarios en sus portales. Soy la persona que no ha sido capturada por la mediatizaci\u00f3n y de la cual no han podido informar debido a falta de pruebas. Soy, de hecho, el hombre que la comunidad en redes sociales llam\u00f3: \u2018Desadaptado social\u2019,<br \/>\n\u2018Bestia sat\u00e1nica animal\u2019, \u2018\u00d1ero cuchillero\u2019 y \u2018Asesino de animales\u2019. Me gustar\u00eda mezclar las \u00faltimas opciones, no obstante, \u00a0prefiero que me llamen: \u2018El Asesino de Animales\u2019.<\/p>\n<p><strong>Estoy seguro de que ustedes no han sudado la primera gota fr\u00eda en el intento de buscar informaci\u00f3n y seguir la noticia.<\/strong> Me convenzo cada d\u00eda de que en sus recuerdos viven los mam\u00edferos muertos, que guardan fotograf\u00edas con morbo ingenuo en la biblioteca personal de sus computadores, pero me estremezco al pensar que la amnesia cubri\u00f3 la horrenda violaci\u00f3n que le propinamos a \u2018Paloma\u2019, la yegua blanca, altiva, enferma y deliciosa.<\/p>\n<p>He sido el que degoll\u00f3 a los patos en el Seminario Menor, el que apu\u00f1al\u00f3 y viol\u00f3 a la yegua de la paz y el que disfrut\u00f3 con los genitales y partes del cr\u00e1neo de \u2018Natasha\u2019.<\/p>\n<p><strong>Debo decirles que la pas\u00e9 incre\u00edble esas noches.<\/strong> Jam\u00e1s me sent\u00ed omnipotente y seguro de mi capacidad de aniquilaci\u00f3n. Cuando saqu\u00e9 el cuchillo de mi pantal\u00f3n, aquellos animales pensaron en caricias y cuidados. La muerte de \u2018Paloma\u2019 fue algo ins\u00edpida, no fue indomable como aquellos caballos en las pel\u00edculas del medio oeste; ten\u00eda expectativas y su poca resistencia fue un punto vac\u00edo. En cambio las llamas (\u00a1desear\u00eda que estuvieran vivas!) fueron un espect\u00e1culo que me excita mientras escribo esta misiva.<\/p>\n<p>\u2018Natasha\u2019 corri\u00f3 de un extremo a otro. En varias ocasiones me escupi\u00f3 y su saliva estremeci\u00f3 partes sensibles de m\u00ed. Despert\u00f3 lujuria, poder, control y unas incre\u00edbles ganas de deshacer el mediano cuerpo en cada corte. \u2018Lul\u00fa\u2019 era la llama pasiva, se qued\u00f3 firme ante el cuchillo mientras mis amigos la aseguraban con una soga.<\/p>\n<p><strong>Como veo que no tienen pistas sobre m\u00ed, les regalar\u00e9 \u2018<em>informaci\u00f3n clasificada\u2019<\/em>, datos que nadie m\u00e1s sabe (consult\u00e9 con mis amigos y aprobaron)<\/strong>: En el momento de la violaci\u00f3n no utilic\u00e9 protecci\u00f3n, no escatime en recursos de seguridad y menos me preocup\u00e9 por \u00a0esconder las se\u00f1ales en la plaza de toros. El recuerdo me genera masturbaci\u00f3n y la filia me lleva a buscar algunos mam\u00edferos en las monta\u00f1as para saciarme. A estos semovientes los llamo con cari\u00f1o: \u2018Martina\u2019 y \u2018Jacinta\u2019; por supuesto, tambi\u00e9n tengo novia (debo pasar inadvertido en las plazas de la ciudad).<\/p>\n<p>Con la escasa y (me atrevo a decir) nula investigaci\u00f3n en la ciudad, las muestras de ADN no suponen un problema; si el crimen se hubiera perpetrado en otra ciudad utilizar\u00eda cond\u00f3n, una malla para el cabello, capucha y al llegar a casa quemar\u00eda la ropa para que no existan evidencias. Pero como es Pamplona, el crimen pas\u00f3 inadvertido al comenzar la semana. Colecciono partes de mis v\u00edctimas \u00bfLo hab\u00edan notado?<\/p>\n<p><strong>De \u2018Paloma\u2019 guardo una oreja y una pezu\u00f1a; de los patos y ovejas tengo el pico, plumas y lana; y de las llamas tengo sus ubres, ano y una parte del cr\u00e1neo.<\/strong> Confieso que el ano junto al intestino grueso se ve fenomenal en formol. A menudo lo observo y me pregunto c\u00f3mo se ver\u00eda la cabeza de \u2018Natasha\u2019 sobre mi mesa de noche, ser\u00eda una disecci\u00f3n hermosa tipo Norman Bates, en la pel\u00edcula Psicosis.<\/p>\n<p>El se\u00f1or Bates y yo tenemos caracter\u00edsticas similares, nos encantan los animales de una u otra forma. Norman asesinaba por su madre, pero disecaba toda clase de mam\u00edferos por placer. Dec\u00eda \u201cque se pod\u00eda inmortalizar una posici\u00f3n o condici\u00f3n\u201d ejemplo de ello, era el vuelo de un ave. Yo asesino para eternizar mi condici\u00f3n y enfrentarme al <em>Bordeline,<\/em> esa l\u00ednea que separa la psicosis de la neurosis.<\/p>\n<p>Me mostraba inseguro sobre lo que suceder\u00eda esa noche cuando visit\u00e9 por quinta vez a las llamas peruanas. Claro, hab\u00eda estudiado el lugar y sab\u00eda que no existir\u00edan elementos incriminatorios; sin embargo, un celador despierto o un vecino trasnochado pudieron cambiar las cosas. Pero soy un convencido de mi suerte y de mi preparaci\u00f3n y v\u00e9anme ahora, aqu\u00ed, en medio de una redacci\u00f3n para que recuerden que los animales no estar\u00e1n a salvo.<\/p>\n<p>Muchas personas me dir\u00e1n loco, enfermo, desadaptado. Comentarios que le\u00ed en redes sociales y que escuch\u00e9 en la concentraci\u00f3n de la <strong>Noche de las Llamas<\/strong>, me alegraron la velada. Que evento tan bonito, lleno de romance, niebla, solidaridad y consignas. S\u00ed, tambi\u00e9n grite en contra de ese desadaptado asesino y no cre\u00eda que pudiera compartir escenario con animalistas, polic\u00edas y con el propietario de las llamas. Es una l\u00e1stima que ustedes no sintieran mi coraz\u00f3n a mill\u00f3n y mi entrepierna levantarse con cada vocal lanzada a la niebla.<\/p>\n<p><strong>Les dir\u00e9 que deseo volver a repetirlo.<\/strong> Camino \u00a0la ciudad a diario y s\u00e9 que en la Avenida Celestino hay vacas que hurgan la basura sin preocupaci\u00f3n alguna, tambi\u00e9n es entendible que con la muerte de estos semovientes le har\u00eda un favor de salud p\u00fablica a la ciudad. <em>\u00bfO que opinan de los perros que conoc\u00edan y que ahora no est\u00e1n en la Plazuela Almeyda?<\/em> As\u00ed como Norman, volver\u00e9 a asesinar, no porque mi madre me lo ordene, sino por la emoci\u00f3n, poder y la adrenalina que me produce tantear la situaci\u00f3n en un lugar despejado.<\/p>\n<p><strong>Lo har\u00e9 porque creo que es positivo para m\u00ed y la ciudad<\/strong> (en realidad es m\u00e1s personal que social); con entereza la administraci\u00f3n temblar\u00e1 y la comunidad se indignar\u00e1 por otro pato, caballo, zorro, perro o vaca con los \u00f3rganos visibles y las partes mutiladas. A trav\u00e9s de la obviedad llegaremos a alg\u00fan acuerdo (por ejemplo, ser un asesino cient\u00edfico en la veterinaria de Villa Marina de la Universidad de Pamplona).<\/p>\n<p>Con mis intenciones condensadas en estas p\u00e1ginas, desear\u00eda terminar con una reflexi\u00f3n: Nunca me atraparan por m\u00e1s vigilados que tengan a sus animales.<\/p>\n<p>Sin otro particular,<\/p>\n<p>El Asesino de Animales.<\/p>\n<p>Pd: \u00bfQuieren ponerse en contacto conmigo? \u00bfHacerme llegar sus opiniones? Prueben con el #AsesinodeAnimales. Seguro responder\u00e9 y podremos llevar esta conversaci\u00f3n a otro nivel.<\/p>\n<p><strong>ACLARACI\u00d3N: ESTA CARTA NO ES REAL. La anterior misiva corresponde a un ejercicio de ficci\u00f3n que pretende mezclar la amnesia colectiva con el rol de los medios de comunicaci\u00f3n y la seguridad en Pamplona.<\/strong> <\/p>\n","protected":false},"excerpt":{"rendered":"<p>Apreciados medios de comunicaci\u00f3n. En Pamplona es dif\u00edcil que la informaci\u00f3n se omita debido a que circula libre de voz a voz, de t\u00fa a t\u00fa y de vecino a estudiante. Agradezco que, pese a la ausencia de medios tradicionales, el informar sea un compromiso mediante redes sociales y que la vigencia de una se\u00f1al &hellip;<\/p>\n","protected":false},"author":1,"featured_media":26207,"comment_status":"open","ping_status":"open","sticky":false,"template":"","format":"standard","meta":{"footnotes":""},"categories":[51,6],"tags":[2811],"class_list":["post-26263","post","type-post","status-publish","format-standard","has-post-thumbnail","hentry","category-charlas-con","category-ojo-avizor","tag-asesino-de-animales"],"_links":{"self":[{"href":"https:\/\/contraluzcucuta.co\/index.php?rest_route=\/wp\/v2\/posts\/26263","targetHints":{"allow":["GET"]}}],"collection":[{"href":"https:\/\/contraluzcucuta.co\/index.php?rest_route=\/wp\/v2\/posts"}],"about":[{"href":"https:\/\/contraluzcucuta.co\/index.php?rest_route=\/wp\/v2\/types\/post"}],"author":[{"embeddable":true,"href":"https:\/\/contraluzcucuta.co\/index.php?rest_route=\/wp\/v2\/users\/1"}],"replies":[{"embeddable":true,"href":"https:\/\/contraluzcucuta.co\/index.php?rest_route=%2Fwp%2Fv2%2Fcomments&post=26263"}],"version-history":[{"count":1,"href":"https:\/\/contraluzcucuta.co\/index.php?rest_route=\/wp\/v2\/posts\/26263\/revisions"}],"predecessor-version":[{"id":26264,"href":"https:\/\/contraluzcucuta.co\/index.php?rest_route=\/wp\/v2\/posts\/26263\/revisions\/26264"}],"wp:featuredmedia":[{"embeddable":true,"href":"https:\/\/contraluzcucuta.co\/index.php?rest_route=\/wp\/v2\/media\/26207"}],"wp:attachment":[{"href":"https:\/\/contraluzcucuta.co\/index.php?rest_route=%2Fwp%2Fv2%2Fmedia&parent=26263"}],"wp:term":[{"taxonomy":"category","embeddable":true,"href":"https:\/\/contraluzcucuta.co\/index.php?rest_route=%2Fwp%2Fv2%2Fcategories&post=26263"},{"taxonomy":"post_tag","embeddable":true,"href":"https:\/\/contraluzcucuta.co\/index.php?rest_route=%2Fwp%2Fv2%2Ftags&post=26263"}],"curies":[{"name":"wp","href":"https:\/\/api.w.org\/{rel}","templated":true}]}}