{"id":26255,"date":"2016-03-20T16:09:17","date_gmt":"2016-03-20T21:09:17","guid":{"rendered":"http:\/\/contraluzcucuta.co\/?p=26255"},"modified":"2016-03-23T16:42:31","modified_gmt":"2016-03-23T21:42:31","slug":"necrologia-fandino-un-periodista-un-senor","status":"publish","type":"post","link":"https:\/\/contraluzcucuta.co\/?p=26255","title":{"rendered":"NECROLOG\u00cdA. Fandi\u00f1o, un periodista, un se\u00f1or"},"content":{"rendered":"<p>Me volv\u00ed a encontrar a Fabio una ma\u00f1ana en la Autoridad Nacional de Televisi\u00f3n. Asistir\u00edamos a una reuni\u00f3n de canales regionales. Fandi\u00f1o ven\u00eda en condici\u00f3n de director operativo del Canal Capital. Hablamos de C\u00facuta, antes que de televisi\u00f3n, de La Opini\u00f3n y de Norte de Santander, pues a pesar de 0no estar all\u00ed segu\u00eda sus acontecimientos y sus noticias.<\/p>\n<p>Los temas eran la precaria situaci\u00f3n de los periodistas; el peligroso camino del publirreportaje pol\u00edtico en las regiones y la apat\u00eda de los comunicadores frente a la gobernanza. En alguna oportunidad me dijo: &#8220;el periodista que se deja tocar por el poder se trastorna&#8221;. Luego, en la reuni\u00f3n, habl\u00f3 de la necesidad de que el Estado garantice los recursos a la televisi\u00f3n p\u00fablica, no s\u00f3lo para su subsistencia, sino para que sea una alternativa para la sociedad frente a los canales privados.<\/p>\n<p>Nos volvimos a encontrar en las reuniones de la Autoridad y hab\u00eda tiempo para hablar de periodismo y recordar amigos en Cucuta: Duarte, Pab\u00f3n, Cicer\u00f3n. Le agradaba saber que Cicer\u00f3n hab\u00eda incursionado en la televisi\u00f3n y que \u00c1ngel Romero estuviera al frente de esa misi\u00f3n de hacer buen periodismo. Habl\u00e1bamos de la vieja guardia del periodismo nortesantandereano, al que el aport\u00f3 con la creaci\u00f3n de la Unidad investigativa de La Opini\u00f3n.<\/p>\n<p>Fue precisamente uno de sus excompa\u00f1eros, Rafael Pab\u00f3n, mutuo amigo, quien nos cont\u00f3 de su fallecimiento. Todos lo lamentamos, pero no como cuando se da una condolencia de rigor. Su muerte nos duele a quienes so\u00f1amos con que el periodismo sea una manera cierta de ayudar a las comunidades en la soluci\u00f3n de sus problemas mediante un buen ejercicio en la denuncia que propenda buenas acciones de gobierno. Un periodismo respetuoso, pero no subyugado al poder econ\u00f3mico de una administraci\u00f3n o una corriente pol\u00edtica.<\/p>\n<p>Es por ello que su muerte duele, porque seres como Fabio Fandi\u00f1o, apasionados y dedicados, que dar\u00edan la vida, esa que se le escap\u00f3 el 17 de marzo, por escribir la cr\u00f3nica o el reportaje en la pretensi\u00f3n de hallar la verdad refundida en el vericueto de lo p\u00fablico, nos har\u00e1n faltan para construir la sociedad cierta que deber\u00eda ser.<\/p>\n<p>As\u00ed se fue Fabio, como vivi\u00f3 y como ejerci\u00f3 su apostolado, en silencio. Este periodista, este se\u00f1or \u00bfcu\u00e1nta falta ahora nos har\u00e1?<\/p>\n<p><strong>JUAN RICARDO G\u00c9LVEZ<\/strong><\/p>\n<p><strong>Foto: MIGUEL PALACIOS<\/strong><\/p>\n<p><strong>\u00a0<\/strong> <\/p>\n","protected":false},"excerpt":{"rendered":"<p>Me volv\u00ed a encontrar a Fabio una ma\u00f1ana en la Autoridad Nacional de Televisi\u00f3n. Asistir\u00edamos a una reuni\u00f3n de canales regionales. Fandi\u00f1o ven\u00eda en condici\u00f3n de director operativo del Canal Capital. Hablamos de C\u00facuta, antes que de televisi\u00f3n, de La Opini\u00f3n y de Norte de Santander, pues a pesar de 0no estar all\u00ed segu\u00eda sus &hellip;<\/p>\n","protected":false},"author":1,"featured_media":26252,"comment_status":"open","ping_status":"open","sticky":false,"template":"","format":"standard","meta":{"footnotes":""},"categories":[74,1967,9],"tags":[2808,2809],"class_list":["post-26255","post","type-post","status-publish","format-standard","has-post-thumbnail","hentry","category-aula-universitaria","category-necrologias","category-politica","tag-fabio-fandino","tag-periodistas-de-norte-de-santander"],"_links":{"self":[{"href":"https:\/\/contraluzcucuta.co\/index.php?rest_route=\/wp\/v2\/posts\/26255","targetHints":{"allow":["GET"]}}],"collection":[{"href":"https:\/\/contraluzcucuta.co\/index.php?rest_route=\/wp\/v2\/posts"}],"about":[{"href":"https:\/\/contraluzcucuta.co\/index.php?rest_route=\/wp\/v2\/types\/post"}],"author":[{"embeddable":true,"href":"https:\/\/contraluzcucuta.co\/index.php?rest_route=\/wp\/v2\/users\/1"}],"replies":[{"embeddable":true,"href":"https:\/\/contraluzcucuta.co\/index.php?rest_route=%2Fwp%2Fv2%2Fcomments&post=26255"}],"version-history":[{"count":1,"href":"https:\/\/contraluzcucuta.co\/index.php?rest_route=\/wp\/v2\/posts\/26255\/revisions"}],"predecessor-version":[{"id":26256,"href":"https:\/\/contraluzcucuta.co\/index.php?rest_route=\/wp\/v2\/posts\/26255\/revisions\/26256"}],"wp:featuredmedia":[{"embeddable":true,"href":"https:\/\/contraluzcucuta.co\/index.php?rest_route=\/wp\/v2\/media\/26252"}],"wp:attachment":[{"href":"https:\/\/contraluzcucuta.co\/index.php?rest_route=%2Fwp%2Fv2%2Fmedia&parent=26255"}],"wp:term":[{"taxonomy":"category","embeddable":true,"href":"https:\/\/contraluzcucuta.co\/index.php?rest_route=%2Fwp%2Fv2%2Fcategories&post=26255"},{"taxonomy":"post_tag","embeddable":true,"href":"https:\/\/contraluzcucuta.co\/index.php?rest_route=%2Fwp%2Fv2%2Ftags&post=26255"}],"curies":[{"name":"wp","href":"https:\/\/api.w.org\/{rel}","templated":true}]}}